{"id":10013,"date":"2025-12-05T14:17:00","date_gmt":"2025-12-05T14:17:00","guid":{"rendered":"https:\/\/ranpal.org\/?p=10013"},"modified":"2025-12-05T15:53:56","modified_gmt":"2025-12-05T15:53:56","slug":"unidad-contra-la-agresion-imperialista-noticiero-nacional","status":"publish","type":"post","link":"https:\/\/ranpal.org\/?p=10013","title":{"rendered":"UNIDAD CONTRA LA AGRESI\u00d3N IMPERIALISTA. NOTICIERO NACIONAL"},"content":{"rendered":"<p>      <a href='https:\/\/postimg.cc\/hftxs4CT' target='_blank'><img src='https:\/\/i.postimg.cc\/qM8Lkzyb\/W97NOTICIERO-NACIONAL-IMPACTO-COL.jpg' border='0' alt='W97NOTICIERO-NACIONAL-IMPACTO-COL'><\/a><\/p>\n<p><strong>D<\/strong>ejamos a su disfrute el <strong>episodio n\u00famero 97 de sus Noticiero Nacional Impacto Colombiano, una producci\u00f3n del Sistema Informativo Patria Libre del Ej\u00e9rcito de Liberaci\u00f3n Nacional(ELN). Hoy reciente Comunicado de la Direcci\u00f3n Nacional alertando sobre la agresi\u00f3n y amenaza de la dictadura gringa contra Colombia <\/strong>y otros pa\u00edses nuestros americanos. Tambi\u00e9n escuche aqu\u00ed la \u00faltima columna del Comandante Antonio Garc\u00eda, la Campa\u00f1a <strong>\u00abCamilo Vive 60 a\u00f1os junto a Manuel\u00bb<\/strong>, reflexiones sobre la barbarie capitalista, informe de regiones y contexto internacional.<\/p>\n<p><a href=\"https:\/\/radio.eln-voces.net\/public\/ranpal\/podcast\/1f0d1e5f-36df-64c8-877a-efd53e5fce72\/episode\/1f0d1e70-7dd5-60ce-8736-ed5c2066f1db\" target=\"_blank\">ESCUCHAR Y COMAPARTIR AUDIO DESDE AZURACAST<\/a><\/p>\n<p><strong>Ranpal \u00abVoz y sentir del pueblo colombiano\u00bb.<\/strong><br \/>\nBogot\u00e1 viernes 05 diciembre 2025.<br \/>\n<strong>\u00a1Palestina Libre!<\/strong><\/p>\n<p><iframe src=\"https:\/\/www.ivoox.com\/player_ej_163816592_6_1.html?c1=e01b24\" width=\"100%\" height=\"200\" frameborder=\"0\" allowfullscreen=\"\" scrolling=\"no\" loading=\"lazy\"><\/iframe><\/p>\n","protected":false},"excerpt":{"rendered":"<p>Dejamos a su disfrute el episodio n\u00famero 97 de sus Noticiero Nacional Impacto Colombiano, una<\/p>\n","protected":false},"author":2,"featured_media":0,"comment_status":"open","ping_status":"open","sticky":false,"template":"","format":"standard","meta":{"h5ap_radio_sources":[],"footnotes":""},"categories":[557],"tags":[32,153,706,589],"class_list":["post-10013","post","type-post","status-publish","format-standard","hentry","category-noticiero-impacto-colombiano","tag-imperialismo","tag-narcoestado","tag-noticiero-97","tag-regiones"],"_links":{"self":[{"href":"https:\/\/ranpal.org\/index.php?rest_route=\/wp\/v2\/posts\/10013","targetHints":{"allow":["GET"]}}],"collection":[{"href":"https:\/\/ranpal.org\/index.php?rest_route=\/wp\/v2\/posts"}],"about":[{"href":"https:\/\/ranpal.org\/index.php?rest_route=\/wp\/v2\/types\/post"}],"author":[{"embeddable":true,"href":"https:\/\/ranpal.org\/index.php?rest_route=\/wp\/v2\/users\/2"}],"replies":[{"embeddable":true,"href":"https:\/\/ranpal.org\/index.php?rest_route=%2Fwp%2Fv2%2Fcomments&post=10013"}],"version-history":[{"count":10,"href":"https:\/\/ranpal.org\/index.php?rest_route=\/wp\/v2\/posts\/10013\/revisions"}],"predecessor-version":[{"id":10025,"href":"https:\/\/ranpal.org\/index.php?rest_route=\/wp\/v2\/posts\/10013\/revisions\/10025"}],"wp:attachment":[{"href":"https:\/\/ranpal.org\/index.php?rest_route=%2Fwp%2Fv2%2Fmedia&parent=10013"}],"wp:term":[{"taxonomy":"category","embeddable":true,"href":"https:\/\/ranpal.org\/index.php?rest_route=%2Fwp%2Fv2%2Fcategories&post=10013"},{"taxonomy":"post_tag","embeddable":true,"href":"https:\/\/ranpal.org\/index.php?rest_route=%2Fwp%2Fv2%2Ftags&post=10013"}],"curies":[{"name":"wp","href":"https:\/\/api.w.org\/{rel}","templated":true}]}}