{"id":10030,"date":"2025-12-09T14:43:48","date_gmt":"2025-12-09T14:43:48","guid":{"rendered":"https:\/\/ranpal.org\/?p=10030"},"modified":"2025-12-09T15:10:02","modified_gmt":"2025-12-09T15:10:02","slug":"trump-fuera-de-nuestra-america-noticiero-nacional","status":"publish","type":"post","link":"https:\/\/ranpal.org\/?p=10030","title":{"rendered":"TRUMP FUERA DE NUESTRA AM\u00c9RICA. NOTICIERO NACIONAL"},"content":{"rendered":"<p>                   <a href='https:\/\/postimg.cc\/XXYWSRn8' target='_blank'><img src='https:\/\/i.postimg.cc\/tRh4PbfL\/W98-NOTICIERO-NACIONAL-IMPACTO-COL.jpg' border='0' alt='W98-NOTICIERO-NACIONAL-IMPACTO-COL'><\/a><\/p>\n<p><strong>C<\/strong>ompartimos el <strong>episodio n\u00famero 98 del Noticiero Nacional Impacto Colombiano, voces elenas transmitiendo desde las ra\u00edces populares. Escuche ahora el \u00faltimo editorial de la Revista semanal Insurrecci\u00f3n,<\/strong> la reciente columna del Comandante Antonio Garc\u00eda, la nota socio-pol\u00edtica nacional, las regiones y el contexto internacional.<\/p>\n<p><a href=\"https:\/\/radio.eln-voces.net\/public\/ranpal\/podcast\/1f0d5107-6b0c-6054-8320-c311e4b757f2\/episode\/1f0d510f-1684-6c36-89ee-5f1a1a14843a\">ESCUCHAR Y COMPARTIR AUDIO DESDE AZURACAST<\/a><\/p>\n<p><strong>Ranpal \u00abVoz y sentir del pueblo colombiano\u00bb.<\/strong><br \/>\nBogot\u00e1 martes 09 diciembre 2025<br \/>\n<strong>\u00a1Palestina Libre!<\/strong><\/p>\n<p><iframe src=\"https:\/\/www.ivoox.com\/player_ej_163989643_6_1.html?c1=e42904\" width=\"100%\" height=\"200\" frameborder=\"0\" allowfullscreen=\"\" scrolling=\"no\" loading=\"lazy\"><\/iframe><\/p>\n","protected":false},"excerpt":{"rendered":"<p>Compartimos el episodio n\u00famero 98 del Noticiero Nacional Impacto Colombiano, voces elenas transmitiendo desde las<\/p>\n","protected":false},"author":2,"featured_media":0,"comment_status":"open","ping_status":"open","sticky":false,"template":"","format":"standard","meta":{"h5ap_radio_sources":[],"footnotes":""},"categories":[557],"tags":[133,655,558,629],"class_list":["post-10030","post","type-post","status-publish","format-standard","hentry","category-noticiero-impacto-colombiano","tag-colombia","tag-eln-61-anos","tag-noticiero","tag-trump"],"_links":{"self":[{"href":"https:\/\/ranpal.org\/index.php?rest_route=\/wp\/v2\/posts\/10030","targetHints":{"allow":["GET"]}}],"collection":[{"href":"https:\/\/ranpal.org\/index.php?rest_route=\/wp\/v2\/posts"}],"about":[{"href":"https:\/\/ranpal.org\/index.php?rest_route=\/wp\/v2\/types\/post"}],"author":[{"embeddable":true,"href":"https:\/\/ranpal.org\/index.php?rest_route=\/wp\/v2\/users\/2"}],"replies":[{"embeddable":true,"href":"https:\/\/ranpal.org\/index.php?rest_route=%2Fwp%2Fv2%2Fcomments&post=10030"}],"version-history":[{"count":4,"href":"https:\/\/ranpal.org\/index.php?rest_route=\/wp\/v2\/posts\/10030\/revisions"}],"predecessor-version":[{"id":10036,"href":"https:\/\/ranpal.org\/index.php?rest_route=\/wp\/v2\/posts\/10030\/revisions\/10036"}],"wp:attachment":[{"href":"https:\/\/ranpal.org\/index.php?rest_route=%2Fwp%2Fv2%2Fmedia&parent=10030"}],"wp:term":[{"taxonomy":"category","embeddable":true,"href":"https:\/\/ranpal.org\/index.php?rest_route=%2Fwp%2Fv2%2Fcategories&post=10030"},{"taxonomy":"post_tag","embeddable":true,"href":"https:\/\/ranpal.org\/index.php?rest_route=%2Fwp%2Fv2%2Ftags&post=10030"}],"curies":[{"name":"wp","href":"https:\/\/api.w.org\/{rel}","templated":true}]}}