{"id":10037,"date":"2025-12-09T19:02:59","date_gmt":"2025-12-09T19:02:59","guid":{"rendered":"https:\/\/ranpal.org\/?p=10037"},"modified":"2025-12-09T19:05:45","modified_gmt":"2025-12-09T19:05:45","slug":"desigualdad-heredada","status":"publish","type":"post","link":"https:\/\/ranpal.org\/?p=10037","title":{"rendered":"DESIGUALDAD HEREDADA"},"content":{"rendered":"<p><a href='https:\/\/postimg.cc\/dhKzccVh' target='_blank'><img src='https:\/\/i.postimg.cc\/vZ1M9QRt\/WCOLUMNA-CMTE-ANTONIO.jpg' border='0' alt='WCOLUMNA-CMTE-ANTONIO'><\/a><\/p>\n<p><strong>\u00da<\/strong>ltima <strong>columna del Comandante Antonio Garc\u00e1a, Primer Responsable pol\u00edtico del ELN, para su cuenta de Telegram.<\/strong><\/p>\n<p>\u00ab<strong>Si esta desigualdad, tan profunda como inmoral, fue construida por decisiones humanas, tambi\u00e9n puede ser transformada por decisiones colectivas, organizadas y populares. El desaf\u00edo consiste en fortalecer proyectos emancipadores,<\/strong> robustecer las capacidades democr\u00e1ticas y abrir caminos hacia sociedades m\u00e1s justas, participativas y en di\u00e1logo respetuoso con la Madre Tierra\u00bb.<\/p>\n<p><strong>Ranpal \u00abComunicaci\u00f3n insurgente y popular\u00bb.<\/strong><br \/>\nBogot\u00e1 martes 09 de diciembre 2025.<br \/>\n<strong>\u00a1Palestina Libre!<\/strong><\/p>\n<p><iframe src=\"https:\/\/www.ivoox.com\/player_ej_164024423_6_1.html?c1=e01b24\" width=\"100%\" height=\"200\" frameborder=\"0\" allowfullscreen=\"\" scrolling=\"no\" loading=\"lazy\"><\/iframe><\/p>\n","protected":false},"excerpt":{"rendered":"<p>\u00daltima columna del Comandante Antonio Garc\u00e1a, Primer Responsable pol\u00edtico del ELN, para su cuenta de<\/p>\n","protected":false},"author":2,"featured_media":0,"comment_status":"open","ping_status":"open","sticky":false,"template":"","format":"standard","meta":{"h5ap_radio_sources":[],"footnotes":""},"categories":[449],"tags":[324,505,707,606,475],"class_list":["post-10037","post","type-post","status-publish","format-standard","hentry","category-https-eln-voces-net-2025-07-28-gentrificacion-otra-cara-del-despojo-noticiero-impacto-colombiano","tag-capitalismo","tag-columna","tag-equidad","tag-pobreza","tag-telegram"],"_links":{"self":[{"href":"https:\/\/ranpal.org\/index.php?rest_route=\/wp\/v2\/posts\/10037","targetHints":{"allow":["GET"]}}],"collection":[{"href":"https:\/\/ranpal.org\/index.php?rest_route=\/wp\/v2\/posts"}],"about":[{"href":"https:\/\/ranpal.org\/index.php?rest_route=\/wp\/v2\/types\/post"}],"author":[{"embeddable":true,"href":"https:\/\/ranpal.org\/index.php?rest_route=\/wp\/v2\/users\/2"}],"replies":[{"embeddable":true,"href":"https:\/\/ranpal.org\/index.php?rest_route=%2Fwp%2Fv2%2Fcomments&post=10037"}],"version-history":[{"count":1,"href":"https:\/\/ranpal.org\/index.php?rest_route=\/wp\/v2\/posts\/10037\/revisions"}],"predecessor-version":[{"id":10038,"href":"https:\/\/ranpal.org\/index.php?rest_route=\/wp\/v2\/posts\/10037\/revisions\/10038"}],"wp:attachment":[{"href":"https:\/\/ranpal.org\/index.php?rest_route=%2Fwp%2Fv2%2Fmedia&parent=10037"}],"wp:term":[{"taxonomy":"category","embeddable":true,"href":"https:\/\/ranpal.org\/index.php?rest_route=%2Fwp%2Fv2%2Fcategories&post=10037"},{"taxonomy":"post_tag","embeddable":true,"href":"https:\/\/ranpal.org\/index.php?rest_route=%2Fwp%2Fv2%2Ftags&post=10037"}],"curies":[{"name":"wp","href":"https:\/\/api.w.org\/{rel}","templated":true}]}}