{"id":10056,"date":"2025-12-16T14:40:13","date_gmt":"2025-12-16T14:40:13","guid":{"rendered":"https:\/\/ranpal.org\/?p=10056"},"modified":"2025-12-16T14:56:50","modified_gmt":"2025-12-16T14:56:50","slug":"con-dignidad-y-soberania-paro-armado-noticiero-nacional","status":"publish","type":"post","link":"https:\/\/ranpal.org\/?p=10056","title":{"rendered":"CON DIGNIDAD Y SOBERAN\u00cdA PARO ARMADO. NOTICIERO NACIONAL"},"content":{"rendered":"<p><a href='https:\/\/postimg.cc\/ts88cKgW' target='_blank'><img src='https:\/\/i.postimg.cc\/s22yMyd6\/100-NOTICIERO-NACIONAL-IMPACTO.jpg' border='0' alt='100-NOTICIERO-NACIONAL-IMPACTO'><\/a><\/p>\n<p><strong>D<\/strong>ejamos a su alcance el Noticiero Nacional Impacto Colombiano en su <strong>emisi\u00f3n especial n\u00famero 100. Escuche el editorial de la Revista semanal Insurrecci\u00f3n, la reciente entrevista de nuestro Comandante Antonio Garc\u00eda para la agencia Reuters,<\/strong> su \u00faltima columna publicada en Telegram, mirada socio-econ\u00f3mica, informe de regiones y nota internacional. \u00a1No se lo pierda!<\/p>\n<p><a href=\"https:\/\/radio.eln-voces.net\/public\/ranpal\/podcast\/1f0da8e7-87ff-6e80-a9eb-3fb50ea660c4\/episode\/1f0da8ef-4d6d-6620-a0f7-73b6bc86ceb6\" target=\"_blank\">ESCUCHAR Y COMPARTIR DESDE AZURCAST<\/a><\/p>\n<p><strong>Ranpal, \u00abinformaci\u00f3n para la emancipaci\u00f3n\u00bb.<\/strong><br \/>\nBogot\u00e1 martes 16 de diciembre 2025<br \/>\n<strong>\u00a1Palestina Libre!<\/strong><\/p>\n<p><iframe src=\"https:\/\/www.ivoox.com\/player_ej_164365253_6_1.html?c1=ed333b\" width=\"100%\" height=\"200\" frameborder=\"0\" allowfullscreen=\"\" scrolling=\"no\" loading=\"lazy\"><\/iframe><\/p>\n","protected":false},"excerpt":{"rendered":"<p>Dejamos a su alcance el Noticiero Nacional Impacto Colombiano en su emisi\u00f3n especial n\u00famero 100.<\/p>\n","protected":false},"author":2,"featured_media":0,"comment_status":"open","ping_status":"open","sticky":false,"template":"","format":"standard","meta":{"h5ap_radio_sources":[],"footnotes":""},"categories":[557],"tags":[133,664,708,117],"class_list":["post-10056","post","type-post","status-publish","format-standard","hentry","category-noticiero-impacto-colombiano","tag-colombia","tag-eln-noticiero","tag-emision-100","tag-gobierno"],"_links":{"self":[{"href":"https:\/\/ranpal.org\/index.php?rest_route=\/wp\/v2\/posts\/10056","targetHints":{"allow":["GET"]}}],"collection":[{"href":"https:\/\/ranpal.org\/index.php?rest_route=\/wp\/v2\/posts"}],"about":[{"href":"https:\/\/ranpal.org\/index.php?rest_route=\/wp\/v2\/types\/post"}],"author":[{"embeddable":true,"href":"https:\/\/ranpal.org\/index.php?rest_route=\/wp\/v2\/users\/2"}],"replies":[{"embeddable":true,"href":"https:\/\/ranpal.org\/index.php?rest_route=%2Fwp%2Fv2%2Fcomments&post=10056"}],"version-history":[{"count":4,"href":"https:\/\/ranpal.org\/index.php?rest_route=\/wp\/v2\/posts\/10056\/revisions"}],"predecessor-version":[{"id":10060,"href":"https:\/\/ranpal.org\/index.php?rest_route=\/wp\/v2\/posts\/10056\/revisions\/10060"}],"wp:attachment":[{"href":"https:\/\/ranpal.org\/index.php?rest_route=%2Fwp%2Fv2%2Fmedia&parent=10056"}],"wp:term":[{"taxonomy":"category","embeddable":true,"href":"https:\/\/ranpal.org\/index.php?rest_route=%2Fwp%2Fv2%2Fcategories&post=10056"},{"taxonomy":"post_tag","embeddable":true,"href":"https:\/\/ranpal.org\/index.php?rest_route=%2Fwp%2Fv2%2Ftags&post=10056"}],"curies":[{"name":"wp","href":"https:\/\/api.w.org\/{rel}","templated":true}]}}