{"id":10075,"date":"2025-12-21T17:07:32","date_gmt":"2025-12-21T17:07:32","guid":{"rendered":"https:\/\/ranpal.org\/?p=10075"},"modified":"2025-12-21T17:07:32","modified_gmt":"2025-12-21T17:07:32","slug":"mensaje-del-eln-al-pueblo-colombiano","status":"publish","type":"post","link":"https:\/\/ranpal.org\/?p=10075","title":{"rendered":"MENSAJE DEL ELN AL PUEBLO COLOMBIANO"},"content":{"rendered":"<p><a href='https:\/\/postimg.cc\/BXFbSdPX' target='_blank'><img src='https:\/\/i.postimg.cc\/3JSvBhKC\/MENSAJE-DEL-ELN-AL-PUEBLO-COLOMBIANO.jpg' border='0' alt='MENSAJE-DEL-ELN-AL-PUEBLO-COLOMBIANO'><\/a><\/p>\n<p><strong>E<\/strong>n comunicado p\u00fablico la Direcci\u00f3n del Ej\u00e9rcito de Liberaci\u00f3n Nacional(ELN) le anuncia al pueblo colombiano que a partir 00:00 horas del 24 de diciembre del presenta a\u00f1o \u00abDeclara Cese el fuego unilateral y finaliza a las 00:00 horas del 03 de enero del 2026.<\/p>\n<p><strong>\u00abAclaramos que no es pol\u00edtica del ELN realizar operaciones militares que afecten a al poblaci\u00f3n, son los \u00f3rganos de la inteligencia del Estado y los grandes medios funcionales a ella, quienes adelantan una guerra comunicacional pretendiendo crear falsa imagen con base en mentiras\u00bb.<\/strong><br \/>\n<strong><br \/>\nRanpal, \u00abPalabra y sentir insurgente\u00bb.<\/strong><br \/>\nBogot\u00e1 domingo 21 diciembre 2025.<br \/>\n<strong>\u00a1Palestina Libre!<\/strong><\/p>\n<p><iframe src=\"https:\/\/www.ivoox.com\/player_ej_164775220_6_1.html?c1=e01b24\" width=\"100%\" height=\"200\" frameborder=\"0\" allowfullscreen=\"\" scrolling=\"no\" loading=\"lazy\"><\/iframe><\/p>\n","protected":false},"excerpt":{"rendered":"<p>En comunicado p\u00fablico la Direcci\u00f3n del Ej\u00e9rcito de Liberaci\u00f3n Nacional(ELN) le anuncia al pueblo colombiano<\/p>\n","protected":false},"author":2,"featured_media":0,"comment_status":"open","ping_status":"open","sticky":false,"template":"","format":"standard","meta":{"h5ap_radio_sources":[],"footnotes":""},"categories":[521],"tags":[204,133,184,5,147],"class_list":["post-10075","post","type-post","status-publish","format-standard","hentry","category-direccion-nacional-eln","tag-cese-el-fuego","tag-colombia","tag-direccion-nacional","tag-eln","tag-navidad"],"_links":{"self":[{"href":"https:\/\/ranpal.org\/index.php?rest_route=\/wp\/v2\/posts\/10075","targetHints":{"allow":["GET"]}}],"collection":[{"href":"https:\/\/ranpal.org\/index.php?rest_route=\/wp\/v2\/posts"}],"about":[{"href":"https:\/\/ranpal.org\/index.php?rest_route=\/wp\/v2\/types\/post"}],"author":[{"embeddable":true,"href":"https:\/\/ranpal.org\/index.php?rest_route=\/wp\/v2\/users\/2"}],"replies":[{"embeddable":true,"href":"https:\/\/ranpal.org\/index.php?rest_route=%2Fwp%2Fv2%2Fcomments&post=10075"}],"version-history":[{"count":1,"href":"https:\/\/ranpal.org\/index.php?rest_route=\/wp\/v2\/posts\/10075\/revisions"}],"predecessor-version":[{"id":10076,"href":"https:\/\/ranpal.org\/index.php?rest_route=\/wp\/v2\/posts\/10075\/revisions\/10076"}],"wp:attachment":[{"href":"https:\/\/ranpal.org\/index.php?rest_route=%2Fwp%2Fv2%2Fmedia&parent=10075"}],"wp:term":[{"taxonomy":"category","embeddable":true,"href":"https:\/\/ranpal.org\/index.php?rest_route=%2Fwp%2Fv2%2Fcategories&post=10075"},{"taxonomy":"post_tag","embeddable":true,"href":"https:\/\/ranpal.org\/index.php?rest_route=%2Fwp%2Fv2%2Ftags&post=10075"}],"curies":[{"name":"wp","href":"https:\/\/api.w.org\/{rel}","templated":true}]}}