{"id":10079,"date":"2025-12-23T14:40:54","date_gmt":"2025-12-23T14:40:54","guid":{"rendered":"https:\/\/ranpal.org\/?p=10079"},"modified":"2025-12-23T15:47:03","modified_gmt":"2025-12-23T15:47:03","slug":"10079","status":"publish","type":"post","link":"https:\/\/ranpal.org\/?p=10079","title":{"rendered":"PARACOS, NARCOS Y TRUMP: EL TR\u00cdO DE MODA"},"content":{"rendered":"<p><a href='https:\/\/postimg.cc\/NLsdc4Qj' target='_blank'><img src='https:\/\/i.postimg.cc\/05mF7W3D\/RPARACOS-NARCOS-Y-TRUMP-EL-TRIO-DE-MODA.jpg' border='0' alt='RPARACOS-NARCOS-Y-TRUMP-EL-TRIO-DE-MODA'><\/a><br \/>\n<strong><br \/>\nN<\/strong>oticiero Nacional Impacto Colombiano, <strong>una producci\u00f3n del Sistema Informativo Patria Libre del Ej\u00e9rcito de Liberaci\u00f3n Nacional(ELN). En esta emisi\u00f3n, la n\u00famero 102 puede escuchar el editorial de la Revista Insurrecci\u00f3n para esta semana, la columna del Comandante Antonio Garc\u00eda, <\/strong>informe de regiones y el contexto internacional.<\/p>\n<p><a href=\"https:\/\/radio.eln-voces.net\/public\/ranpal\/podcast\/1f0e0137-6f70-6330-9cd7-85879461fd29\/episode\/1f0e013b-390b-6cdc-80d6-d5ba8e4f0a25\" target=\"_blank\">ESCUCHAR Y COMPARTIR AUDIO DESDE AZURACAST<\/a><\/p>\n<p><strong>Ranpal, \u00abvoz y sntir del pueblo colombiano\u00bb.<\/strong><br \/>\nBogot\u00e1 martes 23 de diciembre 2025<br \/>\n<strong>\u00a1Palestina Libre!<\/strong><\/p>\n<p><iframe src=\"https:\/\/www.ivoox.com\/player_ej_164933804_6_1.html?c1=e01b24\" width=\"100%\" height=\"200\" frameborder=\"0\" allowfullscreen=\"\" scrolling=\"no\" loading=\"lazy\"><\/iframe><\/p>\n","protected":false},"excerpt":{"rendered":"<p>Noticiero Nacional Impacto Colombiano, una producci\u00f3n del Sistema Informativo Patria Libre del Ej\u00e9rcito de Liberaci\u00f3n<\/p>\n","protected":false},"author":2,"featured_media":0,"comment_status":"open","ping_status":"open","sticky":false,"template":"","format":"standard","meta":{"h5ap_radio_sources":[],"footnotes":""},"categories":[557],"tags":[655,559,709,629],"class_list":["post-10079","post","type-post","status-publish","format-standard","hentry","category-noticiero-impacto-colombiano","tag-eln-61-anos","tag-impacto-colombiano","tag-paz-noticias","tag-trump"],"_links":{"self":[{"href":"https:\/\/ranpal.org\/index.php?rest_route=\/wp\/v2\/posts\/10079","targetHints":{"allow":["GET"]}}],"collection":[{"href":"https:\/\/ranpal.org\/index.php?rest_route=\/wp\/v2\/posts"}],"about":[{"href":"https:\/\/ranpal.org\/index.php?rest_route=\/wp\/v2\/types\/post"}],"author":[{"embeddable":true,"href":"https:\/\/ranpal.org\/index.php?rest_route=\/wp\/v2\/users\/2"}],"replies":[{"embeddable":true,"href":"https:\/\/ranpal.org\/index.php?rest_route=%2Fwp%2Fv2%2Fcomments&post=10079"}],"version-history":[{"count":4,"href":"https:\/\/ranpal.org\/index.php?rest_route=\/wp\/v2\/posts\/10079\/revisions"}],"predecessor-version":[{"id":10083,"href":"https:\/\/ranpal.org\/index.php?rest_route=\/wp\/v2\/posts\/10079\/revisions\/10083"}],"wp:attachment":[{"href":"https:\/\/ranpal.org\/index.php?rest_route=%2Fwp%2Fv2%2Fmedia&parent=10079"}],"wp:term":[{"taxonomy":"category","embeddable":true,"href":"https:\/\/ranpal.org\/index.php?rest_route=%2Fwp%2Fv2%2Fcategories&post=10079"},{"taxonomy":"post_tag","embeddable":true,"href":"https:\/\/ranpal.org\/index.php?rest_route=%2Fwp%2Fv2%2Ftags&post=10079"}],"curies":[{"name":"wp","href":"https:\/\/api.w.org\/{rel}","templated":true}]}}