{"id":10094,"date":"2025-12-26T18:35:16","date_gmt":"2025-12-26T18:35:16","guid":{"rendered":"https:\/\/ranpal.org\/?p=10094"},"modified":"2025-12-26T18:37:01","modified_gmt":"2025-12-26T18:37:01","slug":"jesus-en-nuestro-tiempo","status":"publish","type":"post","link":"https:\/\/ranpal.org\/?p=10094","title":{"rendered":"JES\u00daS EN NUESTRO TIEMPO"},"content":{"rendered":"<p><a href='https:\/\/postimg.cc\/WqV9d2jJ' target='_blank'><img src='https:\/\/i.postimg.cc\/J0DSdn2K\/COLUMNA-JESUS-EN-NUESTRO-TIEMPO.jpg' border='0' alt='COLUMNA-JESUS-EN-NUESTRO-TIEMPO'><\/a><\/p>\n<p>Columna del Comandante Antonio Garc\u00eda en Telegram: <strong>\u00abEstamos en tiempos de navidad, fechas del nacimiento de Jes\u00fas, si por casualidad del destino hubiese nacido en esta \u00e9poca, ver\u00eda casi lo mismo que en la Palestina ocupada por romanos, con los reyes y sacerdotes jud\u00edos arrodillados ante ellos;<\/strong> hoy, como en su tiempo, encontrar\u00eda a la poblaci\u00f3n en resistencia donde mueren de manera inclemente personas por fr\u00edo, hambre, enfermedades y con la herida sangrante de un genocidio que no termina\u00bb&#8230;<\/p>\n<p><strong>Ranpal \u00abVoz y sentir del pueblo colombiano\u00bb.<\/strong><br \/>\nBogot\u00e1 viernes 26 diciembre 2025<br \/>\n\u00a1Palestina Libre!<\/p>\n<p><iframe src=\"https:\/\/www.ivoox.com\/player_ej_165196479_6_1.html?c1=e01b24\" width=\"100%\" height=\"200\" frameborder=\"0\" allowfullscreen=\"\" scrolling=\"no\" loading=\"lazy\"><\/iframe><\/p>\n","protected":false},"excerpt":{"rendered":"<p>Columna del Comandante Antonio Garc\u00eda en Telegram: \u00abEstamos en tiempos de navidad, fechas del nacimiento<\/p>\n","protected":false},"author":2,"featured_media":0,"comment_status":"open","ping_status":"open","sticky":false,"template":"","format":"standard","meta":{"h5ap_radio_sources":[],"footnotes":""},"categories":[449],"tags":[133,712,147,43,475],"class_list":["post-10094","post","type-post","status-publish","format-standard","hentry","category-https-eln-voces-net-2025-07-28-gentrificacion-otra-cara-del-despojo-noticiero-impacto-colombiano","tag-colombia","tag-jesus","tag-navidad","tag-opinion","tag-telegram"],"_links":{"self":[{"href":"https:\/\/ranpal.org\/index.php?rest_route=\/wp\/v2\/posts\/10094","targetHints":{"allow":["GET"]}}],"collection":[{"href":"https:\/\/ranpal.org\/index.php?rest_route=\/wp\/v2\/posts"}],"about":[{"href":"https:\/\/ranpal.org\/index.php?rest_route=\/wp\/v2\/types\/post"}],"author":[{"embeddable":true,"href":"https:\/\/ranpal.org\/index.php?rest_route=\/wp\/v2\/users\/2"}],"replies":[{"embeddable":true,"href":"https:\/\/ranpal.org\/index.php?rest_route=%2Fwp%2Fv2%2Fcomments&post=10094"}],"version-history":[{"count":2,"href":"https:\/\/ranpal.org\/index.php?rest_route=\/wp\/v2\/posts\/10094\/revisions"}],"predecessor-version":[{"id":10096,"href":"https:\/\/ranpal.org\/index.php?rest_route=\/wp\/v2\/posts\/10094\/revisions\/10096"}],"wp:attachment":[{"href":"https:\/\/ranpal.org\/index.php?rest_route=%2Fwp%2Fv2%2Fmedia&parent=10094"}],"wp:term":[{"taxonomy":"category","embeddable":true,"href":"https:\/\/ranpal.org\/index.php?rest_route=%2Fwp%2Fv2%2Fcategories&post=10094"},{"taxonomy":"post_tag","embeddable":true,"href":"https:\/\/ranpal.org\/index.php?rest_route=%2Fwp%2Fv2%2Ftags&post=10094"}],"curies":[{"name":"wp","href":"https:\/\/api.w.org\/{rel}","templated":true}]}}