{"id":10099,"date":"2025-12-30T13:55:42","date_gmt":"2025-12-30T13:55:42","guid":{"rendered":"https:\/\/ranpal.org\/?p=10099"},"modified":"2025-12-30T14:24:48","modified_gmt":"2025-12-30T14:24:48","slug":"como-minimo-dignidad-para-el-pueblo-noticiero-nacional","status":"publish","type":"post","link":"https:\/\/ranpal.org\/?p=10099","title":{"rendered":"COMO M\u00cdNIMO DIGNIDAD PARA EL PUEBLO. NOTICIERO NACIONAL"},"content":{"rendered":"<p><a href='https:\/\/postimg.cc\/1fY2rvyf' target='_blank'><img src='https:\/\/i.postimg.cc\/Dw2hFNDd\/R104COMO-MINIMO-DIGNIDAD-PARA-EL-PUEBLO.jpg' border='0' alt='R104COMO-MINIMO-DIGNIDAD-PARA-EL-PUEBLO'><\/a><\/p>\n<p><strong>D<\/strong>ejamos a su alcance el <strong>episodio n\u00famero 104 de su Noticiero Nacional Impacto Colombiano, una producci\u00f3n del Sistema de Informaci\u00f3n Nacional Patria Libre del ELN.<\/strong> Aqu\u00ed escuche el Editorial de la Revista Insurrecci\u00f3n escrito por el Comando Central, la m\u00e1s reciente columna del Comandante Antonio Garc\u00cda para Telegram, nota socio-econ\u00f3mica, <strong>informe de regiones y contexto internacional. \u00a1No se lo pierda!<\/strong><\/p>\n<p><a href=\"https:\/\/radio.eln-voces.net\/public\/ranpal\/podcast\/1f0e589b-9dad-6bb0-80d2-597a821760cd\/episode\/1f0e58a0-2d40-697c-85a7-b55620323c57\" target=\"_blank\">ESCUCHAR Y COMPARTIR AUDIO DESDE AZURACAST<\/a><\/p>\n<p><strong>Ranpal \u00abVoz y sentir del pueblo colombiano\u00bb.<\/strong><br \/>\nBogot\u00e1 martes 30 diciembre 2025.<br \/>\n<strong>\u00a1Palestina Libre!<\/strong><\/p>\n<p><iframe src=\"https:\/\/www.ivoox.com\/player_ej_165440432_6_1.html?c1=e42904\" width=\"100%\" height=\"200\" frameborder=\"0\" allowfullscreen=\"\" scrolling=\"no\" loading=\"lazy\"><\/iframe><\/p>\n","protected":false},"excerpt":{"rendered":"<p>Dejamos a su alcance el episodio n\u00famero 104 de su Noticiero Nacional Impacto Colombiano, una<\/p>\n","protected":false},"author":2,"featured_media":0,"comment_status":"open","ping_status":"open","sticky":false,"template":"","format":"standard","meta":{"h5ap_radio_sources":[],"footnotes":""},"categories":[557],"tags":[416,133,664,383,138],"class_list":["post-10099","post","type-post","status-publish","format-standard","hentry","category-noticiero-impacto-colombiano","tag-camilo","tag-colombia","tag-eln-noticiero","tag-minimo","tag-paz"],"_links":{"self":[{"href":"https:\/\/ranpal.org\/index.php?rest_route=\/wp\/v2\/posts\/10099","targetHints":{"allow":["GET"]}}],"collection":[{"href":"https:\/\/ranpal.org\/index.php?rest_route=\/wp\/v2\/posts"}],"about":[{"href":"https:\/\/ranpal.org\/index.php?rest_route=\/wp\/v2\/types\/post"}],"author":[{"embeddable":true,"href":"https:\/\/ranpal.org\/index.php?rest_route=\/wp\/v2\/users\/2"}],"replies":[{"embeddable":true,"href":"https:\/\/ranpal.org\/index.php?rest_route=%2Fwp%2Fv2%2Fcomments&post=10099"}],"version-history":[{"count":4,"href":"https:\/\/ranpal.org\/index.php?rest_route=\/wp\/v2\/posts\/10099\/revisions"}],"predecessor-version":[{"id":10104,"href":"https:\/\/ranpal.org\/index.php?rest_route=\/wp\/v2\/posts\/10099\/revisions\/10104"}],"wp:attachment":[{"href":"https:\/\/ranpal.org\/index.php?rest_route=%2Fwp%2Fv2%2Fmedia&parent=10099"}],"wp:term":[{"taxonomy":"category","embeddable":true,"href":"https:\/\/ranpal.org\/index.php?rest_route=%2Fwp%2Fv2%2Fcategories&post=10099"},{"taxonomy":"post_tag","embeddable":true,"href":"https:\/\/ranpal.org\/index.php?rest_route=%2Fwp%2Fv2%2Ftags&post=10099"}],"curies":[{"name":"wp","href":"https:\/\/api.w.org\/{rel}","templated":true}]}}