{"id":101,"date":"2021-07-20T17:13:51","date_gmt":"2021-07-20T17:13:51","guid":{"rendered":"https:\/\/ranpal.org\/?p=101"},"modified":"2021-07-20T17:13:51","modified_gmt":"2021-07-20T17:13:51","slug":"quieren-tapar-con-un-dedo-el-genocidio","status":"publish","type":"post","link":"https:\/\/ranpal.org\/?p=101","title":{"rendered":"QUIEREN TAPAR CON UN DEDO EL GENOCIDIO"},"content":{"rendered":"\n<p><strong>E<\/strong>scrito por Himelda Ascanio para la Revista Insurrecci\u00f3n n\u00famero 800 del Ej\u00e9rcito de Liberaci\u00f3n Nacional (ELN) en Colombia y publicado en el portal <a href=\"http:\/\/www.eln-voces.net\" data-type=\"URL\" data-id=\"www.eln-voces.net\">www.eln-voces.net<\/a><\/p>\n\n\n\n<p>El trato de Guerra que el r\u00e9gimen propina al Paro Nacional est\u00e1 bajo investigaci\u00f3n de instituciones de la Comunidad Internacional, que en diferentes Informes denuncian las modalidades de represi\u00f3n y persecuci\u00f3n que sufren los manifestantes.<\/p>\n\n\n\n<p><strong>Ranpal \u00abvoz y sentir del pueblo colombiano\u00bb.<br>Bogot\u00e1 martes 20 julio 2021.<\/strong><\/p>\n\n\n\n<p>Escuchar y descargar en <a href=\"https:\/\/go.ivoox.com\/rf\/73037564\" data-type=\"URL\" data-id=\"https:\/\/go.ivoox.com\/rf\/73037564\">https:\/\/go.ivoox.com\/rf\/73037564<\/a><\/p>\n\n\n\n<p><strong>S\u00edganosen: <\/strong><a href=\"https:\/\/twitter.com\/ranpalino\" data-type=\"URL\" data-id=\"https:\/\/twitter.com\/ranpalino\">https:\/\/twitter.com\/ranpalino<\/a><\/p>\n\n\n\n<figure class=\"wp-block-embed is-type-rich is-provider-twitter wp-block-embed-twitter\"><div class=\"wp-block-embed__wrapper\">\n<a class=\"twitter-timeline\" data-width=\"640\" data-height=\"960\" data-dnt=\"true\" href=\"https:\/\/twitter.com\/ranpalino?ref_src=twsrc%5Etfw\">Tweets by ranpalino<\/a><script async src=\"https:\/\/platform.twitter.com\/widgets.js\" charset=\"utf-8\"><\/script>\n<\/div><figcaption><a href=\"https:\/\/twitter.com\/ranpalino\" data-type=\"URL\" data-id=\"https:\/\/twitter.com\/ranpalino\">https:\/\/twitter.com\/ranpalino<\/a><\/figcaption><\/figure>\n\n\n\n<p><\/p>\n\n\n\n<p><\/p>\n\n\n\n<p><\/p>\n","protected":false},"excerpt":{"rendered":"<p>Escrito por Himelda Ascanio para la Revista Insurrecci\u00f3n n\u00famero 800 del Ej\u00e9rcito de Liberaci\u00f3n Nacional<\/p>\n","protected":false},"author":2,"featured_media":0,"comment_status":"open","ping_status":"open","sticky":false,"template":"","format":"standard","meta":{"h5ap_radio_sources":[],"footnotes":""},"categories":[21],"tags":[5,38,37],"class_list":["post-101","post","type-post","status-publish","format-standard","hentry","category-ranpal-org","tag-eln","tag-genocidio","tag-insurgencia"],"_links":{"self":[{"href":"https:\/\/ranpal.org\/index.php?rest_route=\/wp\/v2\/posts\/101","targetHints":{"allow":["GET"]}}],"collection":[{"href":"https:\/\/ranpal.org\/index.php?rest_route=\/wp\/v2\/posts"}],"about":[{"href":"https:\/\/ranpal.org\/index.php?rest_route=\/wp\/v2\/types\/post"}],"author":[{"embeddable":true,"href":"https:\/\/ranpal.org\/index.php?rest_route=\/wp\/v2\/users\/2"}],"replies":[{"embeddable":true,"href":"https:\/\/ranpal.org\/index.php?rest_route=%2Fwp%2Fv2%2Fcomments&post=101"}],"version-history":[{"count":1,"href":"https:\/\/ranpal.org\/index.php?rest_route=\/wp\/v2\/posts\/101\/revisions"}],"predecessor-version":[{"id":102,"href":"https:\/\/ranpal.org\/index.php?rest_route=\/wp\/v2\/posts\/101\/revisions\/102"}],"wp:attachment":[{"href":"https:\/\/ranpal.org\/index.php?rest_route=%2Fwp%2Fv2%2Fmedia&parent=101"}],"wp:term":[{"taxonomy":"category","embeddable":true,"href":"https:\/\/ranpal.org\/index.php?rest_route=%2Fwp%2Fv2%2Fcategories&post=101"},{"taxonomy":"post_tag","embeddable":true,"href":"https:\/\/ranpal.org\/index.php?rest_route=%2Fwp%2Fv2%2Ftags&post=101"}],"curies":[{"name":"wp","href":"https:\/\/api.w.org\/{rel}","templated":true}]}}