{"id":10136,"date":"2026-01-09T13:53:32","date_gmt":"2026-01-09T13:53:32","guid":{"rendered":"https:\/\/ranpal.org\/?p=10136"},"modified":"2026-01-09T14:37:24","modified_gmt":"2026-01-09T14:37:24","slug":"ni-dudas-ni-exodos-firmes-en-nupalom-noticiero-nacional","status":"publish","type":"post","link":"https:\/\/ranpal.org\/?p=10136","title":{"rendered":"NI DUDAS, NI \u00c9XODOS FIRMES EN NUPALOM. NOTICIERO NACIONAL"},"content":{"rendered":"<p><a href='https:\/\/postimg.cc\/ThJzHST2' target='_blank'><img src='https:\/\/i.postimg.cc\/h4kKhWwm\/NI-DUDAS-NI-EXODOS-FIRMES-EN-NUPALOM.jpg' border='0' alt='NI-DUDAS-NI-EXODOS-FIRMES-EN-NUPALOM'><\/a><\/p>\n<p><strong>C<\/strong>ompartimos el episodio n\u00famero 107 de sus Noticiero Nacional Impacto Colombiano, producci\u00f3n del Sistema Informativo Nacional Patria Libre(Sinpal) del <strong>Ej\u00e9rcito de Liberaci\u00f3n Nacional(ELN). Escuche aqu\u00ed la Nota de la Semana: SOLIDARIDAD CON VENEZUELA, columna del Comandante Antonio Garc\u00eda<\/strong> para su cuenta de Telegram, el petr\u00f3leo y las imposiciones de Trump, seguimos en Campa\u00f1a \u00abCamilo Vive 60 a\u00f1os junto a Manuel\u00bb, informe de regiones y nota internacional.<\/p>\n<p><a href=\"https:\/\/radio.eln-voces.net\/public\/3\/podcast\/1f0ed645-98a6-6a7c-9024-d59b554d8079\" target=\"_blank\">ESCUCHAR Y COMPARTIR AUDIO DESDE AZURACAST<\/a><\/p>\n<p><strong>Ranpal \u00abPalabra insurgente antiimperialista\u00bb.<\/strong><br \/>\nBogot\u00e1 viernes 09 enero 2026<br \/>\n<strong>\u00a1Venezuela Libre y soberana!<\/strong><\/p>\n<p><iframe src=\"https:\/\/www.ivoox.com\/player_ej_166329547_6_1.html?c1=e01b24\" width=\"100%\" height=\"200\" frameborder=\"0\" allowfullscreen=\"\" scrolling=\"no\" loading=\"lazy\"><\/iframe><\/p>\n","protected":false},"excerpt":{"rendered":"<p>Compartimos el episodio n\u00famero 107 de sus Noticiero Nacional Impacto Colombiano, producci\u00f3n del Sistema Informativo<\/p>\n","protected":false},"author":2,"featured_media":0,"comment_status":"open","ping_status":"open","sticky":false,"template":"","format":"standard","meta":{"h5ap_radio_sources":[],"footnotes":""},"categories":[557],"tags":[228,722,721,558,138,629],"class_list":["post-10136","post","type-post","status-publish","format-standard","hentry","category-noticiero-impacto-colombiano","tag-catatumbo","tag-exodo","tag-gobienro","tag-noticiero","tag-paz","tag-trump"],"_links":{"self":[{"href":"https:\/\/ranpal.org\/index.php?rest_route=\/wp\/v2\/posts\/10136","targetHints":{"allow":["GET"]}}],"collection":[{"href":"https:\/\/ranpal.org\/index.php?rest_route=\/wp\/v2\/posts"}],"about":[{"href":"https:\/\/ranpal.org\/index.php?rest_route=\/wp\/v2\/types\/post"}],"author":[{"embeddable":true,"href":"https:\/\/ranpal.org\/index.php?rest_route=\/wp\/v2\/users\/2"}],"replies":[{"embeddable":true,"href":"https:\/\/ranpal.org\/index.php?rest_route=%2Fwp%2Fv2%2Fcomments&post=10136"}],"version-history":[{"count":4,"href":"https:\/\/ranpal.org\/index.php?rest_route=\/wp\/v2\/posts\/10136\/revisions"}],"predecessor-version":[{"id":10141,"href":"https:\/\/ranpal.org\/index.php?rest_route=\/wp\/v2\/posts\/10136\/revisions\/10141"}],"wp:attachment":[{"href":"https:\/\/ranpal.org\/index.php?rest_route=%2Fwp%2Fv2%2Fmedia&parent=10136"}],"wp:term":[{"taxonomy":"category","embeddable":true,"href":"https:\/\/ranpal.org\/index.php?rest_route=%2Fwp%2Fv2%2Fcategories&post=10136"},{"taxonomy":"post_tag","embeddable":true,"href":"https:\/\/ranpal.org\/index.php?rest_route=%2Fwp%2Fv2%2Ftags&post=10136"}],"curies":[{"name":"wp","href":"https:\/\/api.w.org\/{rel}","templated":true}]}}