{"id":10143,"date":"2026-01-13T13:02:53","date_gmt":"2026-01-13T13:02:53","guid":{"rendered":"https:\/\/ranpal.org\/?p=10143"},"modified":"2026-01-13T14:12:37","modified_gmt":"2026-01-13T14:12:37","slug":"acuerdo-para-gobernar-en-justicia-social","status":"publish","type":"post","link":"https:\/\/ranpal.org\/?p=10143","title":{"rendered":"ACUERDO PARA GOBERNAR EN JUSTICIA SOCIAL"},"content":{"rendered":"<p><a href='https:\/\/postimg.cc\/s16chyxc' target='_blank'><img src='https:\/\/i.postimg.cc\/zX5P4G19\/108-NOTICIERO-NACIONAL-IMPACTO.jpg' border='0' alt='108-NOTICIERO-NACIONAL-IMPACTO'><\/a><\/p>\n<p><strong>N<\/strong>uevo episodio de su Noticiero Nacional Impacto Colombiano, una producci\u00f3n del Sistema Informativo Patria Libre del ELN. <strong>Aqu\u00ed de manera exclusiva escuche el \u00faltimo Comunicado de la Direcci\u00f3n Nacional a manera de editorial, la Columna de los Cmtes Antonio Garc\u00eda y Pablo Beltr\u00e1n,<\/strong> la situaci\u00f3n de los migrantes en Estados Unidos, informe de regiones y nota internacional. \u00a1No se lo pierda!<\/p>\n<p><a href=\"https:\/\/radio.eln-voces.net\/public\/ranpal\/podcast\/1f0f0817-8d06-6f6a-a52e-43f84bc99b20\/episode\/1f0f0877-1b87-63e8-ba55-a7c48569dc8c\" target=\"_blank\">ESCUCHAR Y COMPARTIR AUDIO DESDE AZURACAST<\/a><\/p>\n<p><strong>Ranpal \u00abVoz insurgente del pueblo colombiano\u00bb.<\/strong><br \/>\nBogot\u00e1 martes 13 enero 2025<br \/>\n<strong>\u00a1Venezuela Libre y Soberana!<\/strong><\/p>\n<p><iframe src=\"https:\/\/www.ivoox.com\/player_ej_166586047_6_1.html?c1=e01b24\" width=\"100%\" height=\"200\" frameborder=\"0\" allowfullscreen=\"\" scrolling=\"no\" loading=\"lazy\"><\/iframe><\/p>\n","protected":false},"excerpt":{"rendered":"<p>Nuevo episodio de su Noticiero Nacional Impacto Colombiano, una producci\u00f3n del Sistema Informativo Patria Libre<\/p>\n","protected":false},"author":2,"featured_media":0,"comment_status":"open","ping_status":"open","sticky":false,"template":"","format":"standard","meta":{"h5ap_radio_sources":[],"footnotes":""},"categories":[557],"tags":[723,133,628,5,665,558,138],"class_list":["post-10143","post","type-post","status-publish","format-standard","hentry","category-noticiero-impacto-colombiano","tag-acuerdo","tag-colombia","tag-dignidad","tag-eln","tag-nacional","tag-noticiero","tag-paz"],"_links":{"self":[{"href":"https:\/\/ranpal.org\/index.php?rest_route=\/wp\/v2\/posts\/10143","targetHints":{"allow":["GET"]}}],"collection":[{"href":"https:\/\/ranpal.org\/index.php?rest_route=\/wp\/v2\/posts"}],"about":[{"href":"https:\/\/ranpal.org\/index.php?rest_route=\/wp\/v2\/types\/post"}],"author":[{"embeddable":true,"href":"https:\/\/ranpal.org\/index.php?rest_route=\/wp\/v2\/users\/2"}],"replies":[{"embeddable":true,"href":"https:\/\/ranpal.org\/index.php?rest_route=%2Fwp%2Fv2%2Fcomments&post=10143"}],"version-history":[{"count":4,"href":"https:\/\/ranpal.org\/index.php?rest_route=\/wp\/v2\/posts\/10143\/revisions"}],"predecessor-version":[{"id":10147,"href":"https:\/\/ranpal.org\/index.php?rest_route=\/wp\/v2\/posts\/10143\/revisions\/10147"}],"wp:attachment":[{"href":"https:\/\/ranpal.org\/index.php?rest_route=%2Fwp%2Fv2%2Fmedia&parent=10143"}],"wp:term":[{"taxonomy":"category","embeddable":true,"href":"https:\/\/ranpal.org\/index.php?rest_route=%2Fwp%2Fv2%2Fcategories&post=10143"},{"taxonomy":"post_tag","embeddable":true,"href":"https:\/\/ranpal.org\/index.php?rest_route=%2Fwp%2Fv2%2Ftags&post=10143"}],"curies":[{"name":"wp","href":"https:\/\/api.w.org\/{rel}","templated":true}]}}