{"id":10150,"date":"2026-01-13T16:59:33","date_gmt":"2026-01-13T16:59:33","guid":{"rendered":"https:\/\/ranpal.org\/?p=10150"},"modified":"2026-01-13T17:36:50","modified_gmt":"2026-01-13T17:36:50","slug":"por-un-acuerdo-nacional","status":"publish","type":"post","link":"https:\/\/ranpal.org\/?p=10150","title":{"rendered":"POR UN ACUERDO NACIONAL"},"content":{"rendered":"<p><a href='https:\/\/postimg.cc\/CRbFxXqD' target='_blank'><img src='https:\/\/i.postimg.cc\/VkV5Dcs7\/EDITORIAL-1034.jpg' border='0' alt='EDITORIAL-1034'><\/a><\/p>\n<p><strong>C<\/strong>omunicado de la Direcci\u00f3n Nacional y publicado como <strong>editorial en la Revista Insurrecci\u00f3n n\u00famero 1034 del Ej\u00e9rcito de Liberaci\u00f3n Nacional(ELN) este lunes 12 de enero del 2025,<\/strong> que puede leer y descargar desde el portal<a href=\"http:\/\/www.eln-voces.net\" target=\"_blank\"> www.eln-voces.net<\/a><\/p>\n<p><strong>\u00abEl Ej\u00e9rcito de Liberaci\u00f3n Nacional le propone al pa\u00eds, a las fuerzas pol\u00edticas y sociales, construir un Acuerdo Nacional para superar la crisis estructural y el conflicto social, pol\u00edtico y armado de m\u00e1s de 7 d\u00e9cadas, que le permita a Colombia construir su futuro en democracia, soberan\u00eda, equidad y justicia social para bien de las mayor\u00edas&#8230;<\/strong> En este contexto es viable y posible superar la crisis del pa\u00eds y el conflicto social, pol\u00edtico y armado, para enrumbar a Colombia de manera soberana por la democracia, la equidad y la justicia social\u00bb.<\/p>\n<p><a href=\"https:\/\/radio.eln-voces.net\/public\/ranpal\/podcast\/1f0f0a31-5f51-673e-b16d-1b9cf090ac8c\/episode\/1f0f0a34-a9e6-61fc-87ff-63e7773c2817\" target=\"_blank\">ESCUCHAR Y COMPARTIR AUDIO DESDE AZURACAST<\/a><\/p>\n<p><strong>Ranpal \u00abVoz y sentir del pueblo colombiano\u00bb.<\/strong><br \/>\nBogot\u00e1 martes 13 enero 2025.<br \/>\n<strong>\u00a1Venezuela Libre y Soberana!<\/strong><\/p>\n<p><iframe src=\"https:\/\/www.ivoox.com\/player_ej_166621119_6_1.html?c1=e01b24\" width=\"100%\" height=\"200\" frameborder=\"0\" allowfullscreen=\"\" scrolling=\"no\" loading=\"lazy\"><\/iframe><\/p>\n","protected":false},"excerpt":{"rendered":"<p>Comunicado de la Direcci\u00f3n Nacional y publicado como editorial en la Revista Insurrecci\u00f3n n\u00famero 1034<\/p>\n","protected":false},"author":2,"featured_media":0,"comment_status":"open","ping_status":"open","sticky":false,"template":"","format":"standard","meta":{"h5ap_radio_sources":[],"footnotes":""},"categories":[15],"tags":[723,133,30,138,629],"class_list":["post-10150","post","type-post","status-publish","format-standard","hentry","category-editorial","tag-acuerdo","tag-colombia","tag-editorial","tag-paz","tag-trump"],"_links":{"self":[{"href":"https:\/\/ranpal.org\/index.php?rest_route=\/wp\/v2\/posts\/10150","targetHints":{"allow":["GET"]}}],"collection":[{"href":"https:\/\/ranpal.org\/index.php?rest_route=\/wp\/v2\/posts"}],"about":[{"href":"https:\/\/ranpal.org\/index.php?rest_route=\/wp\/v2\/types\/post"}],"author":[{"embeddable":true,"href":"https:\/\/ranpal.org\/index.php?rest_route=\/wp\/v2\/users\/2"}],"replies":[{"embeddable":true,"href":"https:\/\/ranpal.org\/index.php?rest_route=%2Fwp%2Fv2%2Fcomments&post=10150"}],"version-history":[{"count":5,"href":"https:\/\/ranpal.org\/index.php?rest_route=\/wp\/v2\/posts\/10150\/revisions"}],"predecessor-version":[{"id":10156,"href":"https:\/\/ranpal.org\/index.php?rest_route=\/wp\/v2\/posts\/10150\/revisions\/10156"}],"wp:attachment":[{"href":"https:\/\/ranpal.org\/index.php?rest_route=%2Fwp%2Fv2%2Fmedia&parent=10150"}],"wp:term":[{"taxonomy":"category","embeddable":true,"href":"https:\/\/ranpal.org\/index.php?rest_route=%2Fwp%2Fv2%2Fcategories&post=10150"},{"taxonomy":"post_tag","embeddable":true,"href":"https:\/\/ranpal.org\/index.php?rest_route=%2Fwp%2Fv2%2Ftags&post=10150"}],"curies":[{"name":"wp","href":"https:\/\/api.w.org\/{rel}","templated":true}]}}