{"id":10158,"date":"2026-01-16T14:02:05","date_gmt":"2026-01-16T14:02:05","guid":{"rendered":"https:\/\/ranpal.org\/?p=10158"},"modified":"2026-01-16T20:07:43","modified_gmt":"2026-01-16T20:07:43","slug":"el-acuerdo-nacional-es-con-el-pais","status":"publish","type":"post","link":"https:\/\/ranpal.org\/?p=10158","title":{"rendered":"EL ACUERDO NACIONAL ES CON EL PA\u00cdS. NOTICIERO NACIONAL"},"content":{"rendered":"<p><a href='https:\/\/postimg.cc\/NykPkMs3' target='_blank'><img src='https:\/\/i.postimg.cc\/VNxQ1r3k\/109-NOTICIERO-NACIONAL-IMPACTO-COLOMBIANO.jpg' border='0' alt='109-NOTICIERO-NACIONAL-IMPACTO-COLOMBIANO'><\/a><\/p>\n<p><strong>D<\/strong>ejamos a su alcance la emisi\u00f3n n\u00famero 109 de su Noticiero Nacional Impacto Colombiano, una producci\u00f3n del Sistema Informativo Patria Libre del Ej\u00e9rcito de Liberaci\u00f3n Nacional. <strong>Hoy s\u00edntesis noticiosa semanal, audio de la columna \u00abES UN ASUNTO POL\u00cdTICO\u00bb, escrito por el Comandante Antonio Garc\u00eda, <\/strong>seguimos en la Campa\u00f1a Camilo Vive 60 a\u00f1os Junto a Manuel\u00bb, contexto urbano, informe de regiones, nota internacional.<\/p>\n<p><a href=\"https:\/\/radio.eln-voces.net\/public\/ranpal\/podcast\/1f0f2e6a-69de-65dc-aa01-0711832979f4\/episode\/1f0f2e89-0a01-68a2-abd6-234e18f803cd\" target=\"_blank\">ESCUCHAR Y DESCARGAR AUDIO DESDE AZURACAST<\/a><\/p>\n<p><strong>Ranpal \u00abVoz y sentir del pueblo colombiano\u00bb.<\/strong><br \/>\nBogot\u00e1 viernes 16 de enero 2026.<br \/>\n<strong>\u00a1Venezuela libre y soberana!<\/strong><\/p>\n<p><iframe src=\"https:\/\/www.ivoox.com\/player_ej_166867039_6_1.html?c1=e01b24\" width=\"100%\" height=\"200\" frameborder=\"0\" allowfullscreen=\"\" scrolling=\"no\" loading=\"lazy\"><\/iframe><\/p>\n","protected":false},"excerpt":{"rendered":"<p>Dejamos a su alcance la emisi\u00f3n n\u00famero 109 de su Noticiero Nacional Impacto Colombiano, una<\/p>\n","protected":false},"author":2,"featured_media":0,"comment_status":"open","ping_status":"open","sticky":false,"template":"","format":"standard","meta":{"h5ap_radio_sources":[],"footnotes":""},"categories":[557],"tags":[133,427,320,558,724],"class_list":["post-10158","post","type-post","status-publish","format-standard","hentry","category-noticiero-impacto-colombiano","tag-colombia","tag-mentiras","tag-noticias","tag-noticiero","tag-pais"],"_links":{"self":[{"href":"https:\/\/ranpal.org\/index.php?rest_route=\/wp\/v2\/posts\/10158","targetHints":{"allow":["GET"]}}],"collection":[{"href":"https:\/\/ranpal.org\/index.php?rest_route=\/wp\/v2\/posts"}],"about":[{"href":"https:\/\/ranpal.org\/index.php?rest_route=\/wp\/v2\/types\/post"}],"author":[{"embeddable":true,"href":"https:\/\/ranpal.org\/index.php?rest_route=\/wp\/v2\/users\/2"}],"replies":[{"embeddable":true,"href":"https:\/\/ranpal.org\/index.php?rest_route=%2Fwp%2Fv2%2Fcomments&post=10158"}],"version-history":[{"count":5,"href":"https:\/\/ranpal.org\/index.php?rest_route=\/wp\/v2\/posts\/10158\/revisions"}],"predecessor-version":[{"id":10167,"href":"https:\/\/ranpal.org\/index.php?rest_route=\/wp\/v2\/posts\/10158\/revisions\/10167"}],"wp:attachment":[{"href":"https:\/\/ranpal.org\/index.php?rest_route=%2Fwp%2Fv2%2Fmedia&parent=10158"}],"wp:term":[{"taxonomy":"category","embeddable":true,"href":"https:\/\/ranpal.org\/index.php?rest_route=%2Fwp%2Fv2%2Fcategories&post=10158"},{"taxonomy":"post_tag","embeddable":true,"href":"https:\/\/ranpal.org\/index.php?rest_route=%2Fwp%2Fv2%2Ftags&post=10158"}],"curies":[{"name":"wp","href":"https:\/\/api.w.org\/{rel}","templated":true}]}}