{"id":10176,"date":"2026-01-23T14:08:03","date_gmt":"2026-01-23T14:08:03","guid":{"rendered":"https:\/\/ranpal.org\/?p=10176"},"modified":"2026-01-23T14:23:50","modified_gmt":"2026-01-23T14:23:50","slug":"camilo-siempre-presente-noticiero-nacional","status":"publish","type":"post","link":"https:\/\/ranpal.org\/?p=10176","title":{"rendered":"CAMILO SIEMPRE PRESENTE. NOTICIERO NACIONAL"},"content":{"rendered":"<p><a href='https:\/\/postimg.cc\/rK8N4zkW' target='_blank'><img src='https:\/\/i.postimg.cc\/TYb7ZWNk\/111-NOTICIERO-NAL-IMPACTO-COLOMBIANO.jpg' border='0' alt='111-NOTICIERO-NAL-IMPACTO-COLOMBIANO'><\/a><\/p>\n<p><strong>N<\/strong>uevo episodio de su Noticiero Nacional Impacto Colombiano, una producci\u00f3n del Sistema Informativo Patria Libre del Ej\u00e9rcito de Liberaci\u00f3n Nacional(ELN). <strong>Aqui escuche el \u00faltimo comunicado del Comando Central(COCE), la s\u00edntesis semanal noticiosa, reflexiones sobre la Cmapala Camilo Vive 6o a\u00f1os Junto a Manuel\u00bb, Len\u00edn y su actualidad, regiones y nota internacional.<\/strong><\/p>\n<p><a href=\"https:\/\/radio.eln-voces.net\/public\/ranpal\/podcast\/1f0f866c-1cd2-6d2e-973b-9d40cc00123a\/episode\/1f0f866f-5f50-60a4-aeb2-8f175c8e73e6\" target=\"_blank\">ESCUCHAR Y COMPARTIR AUDIO DESDE AZURACAST<\/a><\/p>\n<p><strong>Ranpal \u00abComunicaci\u00f3n popular e insurgente\u00bb.<\/strong><br \/>\nBogot\u00e1 viernes 23 enero 2026.<br \/>\n<strong>\u00a1Venezuela Libre y Soberana!<\/strong><\/p>\n<p><iframe src=\"https:\/\/www.ivoox.com\/player_ej_167225191_6_1.html?c1=e01b24\" width=\"100%\" height=\"200\" frameborder=\"0\" allowfullscreen=\"\" scrolling=\"no\" loading=\"lazy\"><\/iframe><\/p>\n","protected":false},"excerpt":{"rendered":"<p>Nuevo episodio de su Noticiero Nacional Impacto Colombiano, una producci\u00f3n del Sistema Informativo Patria Libre<\/p>\n","protected":false},"author":2,"featured_media":0,"comment_status":"open","ping_status":"open","sticky":false,"template":"","format":"standard","meta":{"h5ap_radio_sources":[],"footnotes":""},"categories":[557],"tags":[416,133,89,321,320],"class_list":["post-10176","post","type-post","status-publish","format-standard","hentry","category-noticiero-impacto-colombiano","tag-camilo","tag-colombia","tag-comunicado","tag-informativo","tag-noticias"],"_links":{"self":[{"href":"https:\/\/ranpal.org\/index.php?rest_route=\/wp\/v2\/posts\/10176","targetHints":{"allow":["GET"]}}],"collection":[{"href":"https:\/\/ranpal.org\/index.php?rest_route=\/wp\/v2\/posts"}],"about":[{"href":"https:\/\/ranpal.org\/index.php?rest_route=\/wp\/v2\/types\/post"}],"author":[{"embeddable":true,"href":"https:\/\/ranpal.org\/index.php?rest_route=\/wp\/v2\/users\/2"}],"replies":[{"embeddable":true,"href":"https:\/\/ranpal.org\/index.php?rest_route=%2Fwp%2Fv2%2Fcomments&post=10176"}],"version-history":[{"count":2,"href":"https:\/\/ranpal.org\/index.php?rest_route=\/wp\/v2\/posts\/10176\/revisions"}],"predecessor-version":[{"id":10179,"href":"https:\/\/ranpal.org\/index.php?rest_route=\/wp\/v2\/posts\/10176\/revisions\/10179"}],"wp:attachment":[{"href":"https:\/\/ranpal.org\/index.php?rest_route=%2Fwp%2Fv2%2Fmedia&parent=10176"}],"wp:term":[{"taxonomy":"category","embeddable":true,"href":"https:\/\/ranpal.org\/index.php?rest_route=%2Fwp%2Fv2%2Fcategories&post=10176"},{"taxonomy":"post_tag","embeddable":true,"href":"https:\/\/ranpal.org\/index.php?rest_route=%2Fwp%2Fv2%2Ftags&post=10176"}],"curies":[{"name":"wp","href":"https:\/\/api.w.org\/{rel}","templated":true}]}}