{"id":10186,"date":"2026-01-28T18:07:45","date_gmt":"2026-01-28T18:07:45","guid":{"rendered":"https:\/\/ranpal.org\/?p=10186"},"modified":"2026-01-28T18:49:01","modified_gmt":"2026-01-28T18:49:01","slug":"el-futuro-no-vendra-de-davos","status":"publish","type":"post","link":"https:\/\/ranpal.org\/?p=10186","title":{"rendered":"EL FUTURO NO VENDR\u00c1 DE DAVOS"},"content":{"rendered":"<p><a href='https:\/\/postimg.cc\/k6wbgVMH' target='_blank'><img src='https:\/\/i.postimg.cc\/ZnzFj3GJ\/COLUMNA-CMTE-ANTONIO-112.jpg' border='0' alt='COLUMNA-CMTE-ANTONIO-112'><\/a><\/p>\n<p><strong>C<\/strong>olumna del <strong>Comandante Antonio Garc\u00eda y publicada en su Canal de Telegram<\/strong> este martes 27 de enero, tambi\u00e9n la puede leer y compartir en la Revista Insurrecci\u00f3n n\u00famero 1036.<\/p>\n<p>El Global Risks Report 2026 pretende advertir a los poderosos de los peligros que acechan su propio mundo; <strong>para los pueblos del Sur, en cambio, debe leerse como una confirmaci\u00f3n, el futuro no vendr\u00e1 de Davos, vendr\u00e1 de la capacidad de los pueblos,<\/strong> para imaginar y construir otro horizonte, donde la vida est\u00e9 en el centro y no subordinada a un sistema que ya no puede sostenerla, en este contexto el futuro es indudablemente insurgente.<\/p>\n<p><a href=\"https:\/\/radio.eln-voces.net\/public\/ranpal\" target=\"_blank\">ESCUCHAR Y COMPARTIR DESDE AZURCAST<\/a><\/p>\n<p><strong>Ranpal, \u00abPalabra y pensamiento insurgente\u00bb.<\/strong><br \/>\nBogot\u00e1 mi\u00e9rcoles 28 enero 2026<br \/>\n<strong>\u00a1Venezuela libre y soberana!<\/strong><\/p>\n<p><iframe src=\"https:\/\/www.ivoox.com\/player_ej_167515200_6_1.html?c1=e01b24\" width=\"100%\" height=\"200\" frameborder=\"0\" allowfullscreen=\"\" scrolling=\"no\" loading=\"lazy\"><\/iframe><\/p>\n","protected":false},"excerpt":{"rendered":"<p>Columna del Comandante Antonio Garc\u00eda y publicada en su Canal de Telegram este martes 27<\/p>\n","protected":false},"author":2,"featured_media":0,"comment_status":"open","ping_status":"open","sticky":false,"template":"","format":"standard","meta":{"h5ap_radio_sources":[],"footnotes":""},"categories":[449],"tags":[663,505,727,40,475,629],"class_list":["post-10186","post","type-post","status-publish","format-standard","hentry","category-https-eln-voces-net-2025-07-28-gentrificacion-otra-cara-del-despojo-noticiero-impacto-colombiano","tag-cmte-anotnio-garcia","tag-columna","tag-davos","tag-pueblo","tag-telegram","tag-trump"],"_links":{"self":[{"href":"https:\/\/ranpal.org\/index.php?rest_route=\/wp\/v2\/posts\/10186","targetHints":{"allow":["GET"]}}],"collection":[{"href":"https:\/\/ranpal.org\/index.php?rest_route=\/wp\/v2\/posts"}],"about":[{"href":"https:\/\/ranpal.org\/index.php?rest_route=\/wp\/v2\/types\/post"}],"author":[{"embeddable":true,"href":"https:\/\/ranpal.org\/index.php?rest_route=\/wp\/v2\/users\/2"}],"replies":[{"embeddable":true,"href":"https:\/\/ranpal.org\/index.php?rest_route=%2Fwp%2Fv2%2Fcomments&post=10186"}],"version-history":[{"count":2,"href":"https:\/\/ranpal.org\/index.php?rest_route=\/wp\/v2\/posts\/10186\/revisions"}],"predecessor-version":[{"id":10189,"href":"https:\/\/ranpal.org\/index.php?rest_route=\/wp\/v2\/posts\/10186\/revisions\/10189"}],"wp:attachment":[{"href":"https:\/\/ranpal.org\/index.php?rest_route=%2Fwp%2Fv2%2Fmedia&parent=10186"}],"wp:term":[{"taxonomy":"category","embeddable":true,"href":"https:\/\/ranpal.org\/index.php?rest_route=%2Fwp%2Fv2%2Fcategories&post=10186"},{"taxonomy":"post_tag","embeddable":true,"href":"https:\/\/ranpal.org\/index.php?rest_route=%2Fwp%2Fv2%2Ftags&post=10186"}],"curies":[{"name":"wp","href":"https:\/\/api.w.org\/{rel}","templated":true}]}}