{"id":10224,"date":"2026-02-15T14:54:49","date_gmt":"2026-02-15T14:54:49","guid":{"rendered":"https:\/\/ranpal.org\/?p=10224"},"modified":"2026-02-15T15:06:26","modified_gmt":"2026-02-15T15:06:26","slug":"camilo-60-anos-junto-a-manuel-programa-especial","status":"publish","type":"post","link":"https:\/\/ranpal.org\/?p=10224","title":{"rendered":"CAMILO 60 A\u00d1OS JUNTO A MANUEL, PROGRAMA ESPECIAL"},"content":{"rendered":"<p><a href='https:\/\/postimg.cc\/MnRVRm2t' target='_blank'><img src='https:\/\/i.postimg.cc\/P5V4gS6G\/PERISCOPIO-POL-ITICO-PROGRAMA-ESPECIAL.jpg' border='0' alt='PERISCOPIO-POL-ITICO-PROGRAMA-ESPECIAL'><\/a><\/p>\n<p><strong>P<\/strong>rograma Especial en Periscopio Pol\u00edtico, este 15 de Febrero en <strong>homenaje a los Comandantes en Jefe Camilo Torres Restrepo y Manuel P\u00e9rez Mart\u00ednez a prop\u00f3sito de la ca\u00edda en Combate de Camilo hace 60 a\u00f1os y en la culminaci\u00f3n de la Campa\u00f1a \u00abCamilo Vive 60 a\u00f1os Junto a Manuel.<\/strong> Su semilla y ejemplo sigue siendo urgente y necesario con mayor certeza en estos tiempos, tanto en Colombia, Nuestra Am\u00e9rica, como en el mundo<\/p>\n<p><a href=\"https:\/\/radio.eln-voces.net\/public\/ranpal\/podcast\/1f10a7f7-b934-6cfa-9333-ddd2e8782e87\/episode\/1f10a7fa-867b-6932-8dec-3dd604d43bc7\" target=\"_blank\">ESCUCHAR Y COMPARTIR AUDIO DESDE AZURACAST<\/a><\/p>\n<p><strong>Ranpal \u00abVoz y sentir del pueblo colombiano\u00bb.<\/strong><br \/>\nBogot\u00e1 domingo 15 febrero 2026.<br \/>\n<strong>\u00a1Venezuela libre y soberana!.<\/strong><\/p>\n<p><iframe src=\"https:\/\/www.ivoox.com\/player_ej_168421675_6_1.html?c1=e01b24\" width=\"100%\" height=\"200\" frameborder=\"0\" allowfullscreen=\"\" scrolling=\"no\" loading=\"lazy\"><\/iframe><\/p>\n","protected":false},"excerpt":{"rendered":"<p>Programa Especial en Periscopio Pol\u00edtico, este 15 de Febrero en homenaje a los Comandantes en<\/p>\n","protected":false},"author":2,"featured_media":0,"comment_status":"open","ping_status":"open","sticky":false,"template":"","format":"standard","meta":{"h5ap_radio_sources":[],"footnotes":""},"categories":[20],"tags":[416,133,733,19,732],"class_list":["post-10224","post","type-post","status-publish","format-standard","hentry","category-periscopio-politico","tag-camilo","tag-colombia","tag-manuel-perez","tag-periscopio-politico","tag-programa-especial"],"_links":{"self":[{"href":"https:\/\/ranpal.org\/index.php?rest_route=\/wp\/v2\/posts\/10224","targetHints":{"allow":["GET"]}}],"collection":[{"href":"https:\/\/ranpal.org\/index.php?rest_route=\/wp\/v2\/posts"}],"about":[{"href":"https:\/\/ranpal.org\/index.php?rest_route=\/wp\/v2\/types\/post"}],"author":[{"embeddable":true,"href":"https:\/\/ranpal.org\/index.php?rest_route=\/wp\/v2\/users\/2"}],"replies":[{"embeddable":true,"href":"https:\/\/ranpal.org\/index.php?rest_route=%2Fwp%2Fv2%2Fcomments&post=10224"}],"version-history":[{"count":3,"href":"https:\/\/ranpal.org\/index.php?rest_route=\/wp\/v2\/posts\/10224\/revisions"}],"predecessor-version":[{"id":10228,"href":"https:\/\/ranpal.org\/index.php?rest_route=\/wp\/v2\/posts\/10224\/revisions\/10228"}],"wp:attachment":[{"href":"https:\/\/ranpal.org\/index.php?rest_route=%2Fwp%2Fv2%2Fmedia&parent=10224"}],"wp:term":[{"taxonomy":"category","embeddable":true,"href":"https:\/\/ranpal.org\/index.php?rest_route=%2Fwp%2Fv2%2Fcategories&post=10224"},{"taxonomy":"post_tag","embeddable":true,"href":"https:\/\/ranpal.org\/index.php?rest_route=%2Fwp%2Fv2%2Ftags&post=10224"}],"curies":[{"name":"wp","href":"https:\/\/api.w.org\/{rel}","templated":true}]}}