{"id":10283,"date":"2026-03-13T15:10:22","date_gmt":"2026-03-13T15:10:22","guid":{"rendered":"https:\/\/ranpal.org\/?p=10283"},"modified":"2026-03-13T15:27:31","modified_gmt":"2026-03-13T15:27:31","slug":"gobierno-abierto-camino-de-certezas-noticiero-nacional","status":"publish","type":"post","link":"https:\/\/ranpal.org\/?p=10283","title":{"rendered":"GOBIERNO ABIERTO, CAMINO DE CERTEZAS. NOTICIERO NACIONAL"},"content":{"rendered":"<p><a href='https:\/\/postimg.cc\/svpD7x4W' target='_blank'><img src='https:\/\/i.postimg.cc\/pXShNn9s\/125-NOTICIERO-NACIONAL-IMAPCTO.jpg' border='0' alt='125-NOTICIERO-NACIONAL-IMAPCTO'><\/a><\/p>\n<p><strong>L<\/strong>es dejamos a su disfrute el episodio n\u00famero 125 de su Noticiero Nacional Impacto Colombiano, una producci\u00f3n del Sistema Radial Patria Libre del Ej\u00e9rcito de Liberaci\u00f3n Nacional(ELN). <strong>Hoy escuche el Comunicado reciente del Comando Central(COCE), en la Secci\u00f3n Notas de la Semana con \u00faltima columna del Comandante Antonio Garcia, la s\u00edntesis noticiosa de la semana, reflexiones de ciudad, informe de regiones y contexto internacional.<\/strong><\/p>\n<p><a href=\"https:\/\/radio.eln-voces.net\/public\/ranpal\/podcast\/1f11ef0a-8d5a-6642-90ce-ed0b06a17fcb\/episode\/1f11ef0d-d0ef-61a2-9c46-cd38c9c8d909\" target=\"_blank\">ESCUCHAR Y COMPARTIR AUDIO DESDE AZURACAST<\/a><\/p>\n<p><strong>Ranpal \u00abVoz y sentir insurgente en Colombia\u00bb.<\/strong><br \/>\nBogot\u00e1 viernes 13 marzo 2026<br \/>\n<strong>\u00a1Cuba libre y soberana!<\/strong><\/p>\n<p><iframe src=\"https:\/\/www.ivoox.com\/player_ej_170081576_6_1.html?c1=e01b24\" width=\"100%\" height=\"200\" frameborder=\"0\" allowfullscreen=\"\" scrolling=\"no\" loading=\"lazy\"><\/iframe><\/p>\n","protected":false},"excerpt":{"rendered":"<p>Les dejamos a su disfrute el episodio n\u00famero 125 de su Noticiero Nacional Impacto Colombiano,<\/p>\n","protected":false},"author":2,"featured_media":0,"comment_status":"open","ping_status":"open","sticky":false,"template":"","format":"standard","meta":{"h5ap_radio_sources":[],"footnotes":""},"categories":[557],"tags":[510,505,117,738,558],"class_list":["post-10283","post","type-post","status-publish","format-standard","hentry","category-noticiero-impacto-colombiano","tag-coce-eln","tag-columna","tag-gobierno","tag-notas","tag-noticiero"],"_links":{"self":[{"href":"https:\/\/ranpal.org\/index.php?rest_route=\/wp\/v2\/posts\/10283","targetHints":{"allow":["GET"]}}],"collection":[{"href":"https:\/\/ranpal.org\/index.php?rest_route=\/wp\/v2\/posts"}],"about":[{"href":"https:\/\/ranpal.org\/index.php?rest_route=\/wp\/v2\/types\/post"}],"author":[{"embeddable":true,"href":"https:\/\/ranpal.org\/index.php?rest_route=\/wp\/v2\/users\/2"}],"replies":[{"embeddable":true,"href":"https:\/\/ranpal.org\/index.php?rest_route=%2Fwp%2Fv2%2Fcomments&post=10283"}],"version-history":[{"count":3,"href":"https:\/\/ranpal.org\/index.php?rest_route=\/wp\/v2\/posts\/10283\/revisions"}],"predecessor-version":[{"id":10287,"href":"https:\/\/ranpal.org\/index.php?rest_route=\/wp\/v2\/posts\/10283\/revisions\/10287"}],"wp:attachment":[{"href":"https:\/\/ranpal.org\/index.php?rest_route=%2Fwp%2Fv2%2Fmedia&parent=10283"}],"wp:term":[{"taxonomy":"category","embeddable":true,"href":"https:\/\/ranpal.org\/index.php?rest_route=%2Fwp%2Fv2%2Fcategories&post=10283"},{"taxonomy":"post_tag","embeddable":true,"href":"https:\/\/ranpal.org\/index.php?rest_route=%2Fwp%2Fv2%2Ftags&post=10283"}],"curies":[{"name":"wp","href":"https:\/\/api.w.org\/{rel}","templated":true}]}}