{"id":10391,"date":"2026-04-28T16:27:46","date_gmt":"2026-04-28T16:27:46","guid":{"rendered":"https:\/\/ranpal.org\/?p=10391"},"modified":"2026-04-28T23:38:52","modified_gmt":"2026-04-28T23:38:52","slug":"estallido-social-hacia-los-cambios-estructurales-noticiero-nacional","status":"publish","type":"post","link":"https:\/\/ranpal.org\/?p=10391","title":{"rendered":"ESTALLIDO SOCIAL HACIA LOS CAMBIOS ESTRUCTURALES. NOTICIERO NACIONAL"},"content":{"rendered":"<p><a href='https:\/\/postimg.cc\/VSp71Byd' target='_blank'><img src='https:\/\/i.postimg.cc\/DZyRrBBd\/138-NOTICIERO-NACIONAL-IMPACTO.jpg' border='0' alt='138-NOTICIERO-NACIONAL-IMPACTO'><\/a><\/p>\n<p><strong>E<\/strong>misi\u00f3n n\u00famero 138 de su <strong>Noticiero Nacional Impacto Colombiano, una producci\u00f3n del Sistema Informativo Patria del Ej\u00e9rcito de Liberaci\u00f3n Nacional(ELN). Hoy escuche el editorial de la Revista semanal Insurrecci\u00f3n 1049, la columna reciente del Comandante Antonio Garc\u00eda,<\/strong> Mandinga y la corrupci\u00f3n en el ej\u00e9rcito burgu\u00e9s, nota sobre el \u00abestallido social\u00bb, informe de regiones y contexto internacional.<\/p>\n<p><a href=\"https:\/\/radio.eln-voces.net\/public\/ranpal\/podcast\/1f1435ab-d127-6732-bac0-a9cf7ea31e5c\/episode\/1f1435b3-a66e-66f0-a7da-4f41ea24ebb2\" target=\"_blank\">ESCUCHE Y COMPARTA AUDIO DESDE AZURACAST<\/a><\/p>\n<p><strong>Ranpal \u00abVoz y sentir del pueblo colombiano\u00bb.<\/strong><br \/>\nBogot\u00e1 martes 28 de abril 2026<br \/>\n<strong>\u00a1Cuba libre y soberana!<\/strong><\/p>\n<p><iframe src=\"https:\/\/www.ivoox.com\/player_ej_172722020_6_1.html?c1=e42904\" width=\"100%\" height=\"200\" frameborder=\"0\" allowfullscreen=\"\" scrolling=\"no\" loading=\"lazy\"><\/iframe><\/p>\n","protected":false},"excerpt":{"rendered":"<p>Emisi\u00f3n n\u00famero 138 de su Noticiero Nacional Impacto Colombiano, una producci\u00f3n del Sistema Informativo Patria<\/p>\n","protected":false},"author":2,"featured_media":0,"comment_status":"open","ping_status":"open","sticky":false,"template":"","format":"standard","meta":{"h5ap_radio_sources":[],"footnotes":""},"categories":[557],"tags":[133,755,118,320,138,748],"class_list":["post-10391","post","type-post","status-publish","format-standard","hentry","category-noticiero-impacto-colombiano","tag-colombia","tag-estallido","tag-juventud","tag-noticias","tag-paz","tag-protestas"],"_links":{"self":[{"href":"https:\/\/ranpal.org\/index.php?rest_route=\/wp\/v2\/posts\/10391","targetHints":{"allow":["GET"]}}],"collection":[{"href":"https:\/\/ranpal.org\/index.php?rest_route=\/wp\/v2\/posts"}],"about":[{"href":"https:\/\/ranpal.org\/index.php?rest_route=\/wp\/v2\/types\/post"}],"author":[{"embeddable":true,"href":"https:\/\/ranpal.org\/index.php?rest_route=\/wp\/v2\/users\/2"}],"replies":[{"embeddable":true,"href":"https:\/\/ranpal.org\/index.php?rest_route=%2Fwp%2Fv2%2Fcomments&post=10391"}],"version-history":[{"count":4,"href":"https:\/\/ranpal.org\/index.php?rest_route=\/wp\/v2\/posts\/10391\/revisions"}],"predecessor-version":[{"id":10396,"href":"https:\/\/ranpal.org\/index.php?rest_route=\/wp\/v2\/posts\/10391\/revisions\/10396"}],"wp:attachment":[{"href":"https:\/\/ranpal.org\/index.php?rest_route=%2Fwp%2Fv2%2Fmedia&parent=10391"}],"wp:term":[{"taxonomy":"category","embeddable":true,"href":"https:\/\/ranpal.org\/index.php?rest_route=%2Fwp%2Fv2%2Fcategories&post=10391"},{"taxonomy":"post_tag","embeddable":true,"href":"https:\/\/ranpal.org\/index.php?rest_route=%2Fwp%2Fv2%2Ftags&post=10391"}],"curies":[{"name":"wp","href":"https:\/\/api.w.org\/{rel}","templated":true}]}}