{"id":10400,"date":"2026-05-01T15:12:24","date_gmt":"2026-05-01T15:12:24","guid":{"rendered":"https:\/\/ranpal.org\/?p=10400"},"modified":"2026-05-01T16:00:43","modified_gmt":"2026-05-01T16:00:43","slug":"colombia-para-los-trabajadores-noticiero-nacional","status":"publish","type":"post","link":"https:\/\/ranpal.org\/?p=10400","title":{"rendered":"COLOMBIA PARA LOS TRABAJADORES. NOTICIERO NACIONAL"},"content":{"rendered":"<p><a href='https:\/\/postimg.cc\/47mZbPW7' target='_blank'><img src='https:\/\/i.postimg.cc\/gJKJpBRD\/139-NOTICIERO-NACIONAL.jpg' border='0' alt='139-NOTICIERO-NACIONAL'><\/a><\/p>\n<p><strong>E<\/strong>misi\u00f3n n\u00famero 139 de su Noticiero Nacional Impacto Colombiano, <strong>una producci\u00f3n del Sistema Informativo Patria Libre del Ej\u00e9rcito de Liberaci\u00f3n Nacional(ELN). Aqu\u00ed escuche nota especial del Primero de Mayo<\/strong>, d\u00eda Internacional de los Trabajador@s, reflexiones de ciudad, informes de las regiones y contexto internacional.<\/p>\n<p><a href=\"https:\/\/radio.eln-voces.net\/public\/ranpal\/podcast\/1f145764-0d4a-617c-a38d-2d6217eff815\/episode\/1f145769-ec02-66ee-93bd-7113b481f47c\" target=\"_blank\">ESCUCHE Y COMPARTA EL AUDIO DESDE AZURACAST<\/a><\/p>\n<p><strong>Ranpal \u00abVoz y sentir del pueblo colombiano\u00bb.<\/strong><br \/>\nBogot\u00e1 viernes 01 de mayo 2026<br \/>\n<strong>\u00a1Cuba libre y soberana!.<\/strong><\/p>\n<p><iframe src=\"https:\/\/www.ivoox.com\/player_ej_172935578_6_1.html?c1=ed333b\" width=\"100%\" height=\"200\" frameborder=\"0\" allowfullscreen=\"\" scrolling=\"no\" loading=\"lazy\"><\/iframe><\/p>\n","protected":false},"excerpt":{"rendered":"<p>Emisi\u00f3n n\u00famero 139 de su Noticiero Nacional Impacto Colombiano, una producci\u00f3n del Sistema Informativo Patria<\/p>\n","protected":false},"author":2,"featured_media":0,"comment_status":"open","ping_status":"open","sticky":false,"template":"","format":"standard","meta":{"h5ap_radio_sources":[],"footnotes":""},"categories":[557],"tags":[756,133,5,558,161],"class_list":["post-10400","post","type-post","status-publish","format-standard","hentry","category-noticiero-impacto-colombiano","tag-1-de-mayo","tag-colombia","tag-eln","tag-noticiero","tag-trabajadores"],"_links":{"self":[{"href":"https:\/\/ranpal.org\/index.php?rest_route=\/wp\/v2\/posts\/10400","targetHints":{"allow":["GET"]}}],"collection":[{"href":"https:\/\/ranpal.org\/index.php?rest_route=\/wp\/v2\/posts"}],"about":[{"href":"https:\/\/ranpal.org\/index.php?rest_route=\/wp\/v2\/types\/post"}],"author":[{"embeddable":true,"href":"https:\/\/ranpal.org\/index.php?rest_route=\/wp\/v2\/users\/2"}],"replies":[{"embeddable":true,"href":"https:\/\/ranpal.org\/index.php?rest_route=%2Fwp%2Fv2%2Fcomments&post=10400"}],"version-history":[{"count":3,"href":"https:\/\/ranpal.org\/index.php?rest_route=\/wp\/v2\/posts\/10400\/revisions"}],"predecessor-version":[{"id":10404,"href":"https:\/\/ranpal.org\/index.php?rest_route=\/wp\/v2\/posts\/10400\/revisions\/10404"}],"wp:attachment":[{"href":"https:\/\/ranpal.org\/index.php?rest_route=%2Fwp%2Fv2%2Fmedia&parent=10400"}],"wp:term":[{"taxonomy":"category","embeddable":true,"href":"https:\/\/ranpal.org\/index.php?rest_route=%2Fwp%2Fv2%2Fcategories&post=10400"},{"taxonomy":"post_tag","embeddable":true,"href":"https:\/\/ranpal.org\/index.php?rest_route=%2Fwp%2Fv2%2Ftags&post=10400"}],"curies":[{"name":"wp","href":"https:\/\/api.w.org\/{rel}","templated":true}]}}