{"id":106,"date":"2021-07-25T17:30:49","date_gmt":"2021-07-25T17:30:49","guid":{"rendered":"https:\/\/ranpal.org\/?p=106"},"modified":"2021-07-25T17:31:45","modified_gmt":"2021-07-25T17:31:45","slug":"la-misteriosa-incognita-de-la-libertajd","status":"publish","type":"post","link":"https:\/\/ranpal.org\/?p=106","title":{"rendered":"LA MISTERIOSA INC\u00d3GNITA DE LA LIBERTAD"},"content":{"rendered":"\n<p><strong>J<\/strong>hon Jairo P\u00e9rez y Trino Vino conversan en PERISCOPIO POL\u00cdTICO, programa de Radio Nacional PatriaLibre (Ranpal), sobre el Paro Nacional en Colombia y las comparaciones que hacen, algunos<\/p>\n\n\n\n<p>\u00abopinadores\u00bb de la gusanera medi\u00e1tica local e internacional, con la guarimbas en Venezuela y marchas en Cuba. Esto, dentro del contexto de los 138 a\u00f1os del nacimiento de Sim\u00f3n Jos\u00e9 Antonio de la Sant\u00edsima Trinidad Bol\u00edvar Ponte y Palacios y su sentencia en Roma sobre los caminos para resolver la \u00abmisteriosa inc\u00f3gnita de la libertad\u00bb.<\/p>\n\n\n\n<p><strong>Ranpal \u00abVoz y sentir del Pueblo Colombiano\u00bb.<br>Bogot\u00e1 domingo 25 julio 2021.<\/strong><\/p>\n\n\n\n<p><strong>Escuchar y descargar desde <\/strong><a href=\"https:\/\/go.ivoox.com\/rf\/73242501\" data-type=\"URL\" data-id=\"https:\/\/go.ivoox.com\/rf\/73242501\">https:\/\/go.ivoox.com\/rf\/73242501<\/a><a href=\"https:\/\/www.facebook.com\/ranpal.patrialibre\">https:<\/a><a href=\"https:\/\/www.facebook.com\/ranpal.patrialibre\" data-type=\"URL\" data-id=\"https:\/\/www.facebook.com\/ranpal.patrialibre\">\/\/www.facebook.com\/ranpal.patrialibre<\/a> <\/p>\n\n\n\n<p>Tweter. <a href=\"https:\/\/twitter.com\/ranpalino\" data-type=\"URL\" data-id=\"https:\/\/twitter.com\/ranpalino\">https:\/\/twitter.com\/ranpalino<\/a><\/p>\n\n\n\n<p><a href=\"https:\/\/twitter.com\/ranpalino\"><\/a><a href=\"https:\/\/twitter.com\/ranpalino\">Ranpalino@ranpalino<\/a>He publicado un episodio en <a href=\"https:\/\/twitter.com\/ivoox\">@ivoox<\/a> \u00abMisteriosa inc\u00f3gnita de la Libertad\/Periscopio Pol\u00edtico\/Ranpal.org\u00bb <a href=\"https:\/\/twitter.com\/hashtag\/podcast?src=hashtag_click\">#podcast<\/a><\/p>\n\n\n\n<figure class=\"wp-block-image\"><img decoding=\"async\" src=\"https:\/\/pbs.twimg.com\/card_img\/1419345236069912578\/qUl1CeJ0?format=jpg&amp;name=240x240\" alt=\"\"\/><\/figure>\n\n\n\n<p>Misteriosa inc\u00f3gnita de la Libertad\/Periscopio Pol\u00edtico\/Ranpal.orgEscucha y descarga los episodios de PERISCOPIO POL\u00cdTICO gratis. LA MISTERIOSA INC\u00d3GNITA DE LA LIBERTAD.<\/p>\n","protected":false},"excerpt":{"rendered":"<p>Jhon Jairo P\u00e9rez y Trino Vino conversan en PERISCOPIO POL\u00cdTICO, programa de Radio Nacional PatriaLibre<\/p>\n","protected":false},"author":2,"featured_media":0,"comment_status":"open","ping_status":"open","sticky":false,"template":"","format":"standard","meta":{"h5ap_radio_sources":[],"footnotes":""},"categories":[20],"tags":[44,45,43],"class_list":["post-106","post","type-post","status-publish","format-standard","hentry","category-periscopio-politico","tag-comunicacion-popular","tag-eln-57-anos","tag-opinion"],"_links":{"self":[{"href":"https:\/\/ranpal.org\/index.php?rest_route=\/wp\/v2\/posts\/106","targetHints":{"allow":["GET"]}}],"collection":[{"href":"https:\/\/ranpal.org\/index.php?rest_route=\/wp\/v2\/posts"}],"about":[{"href":"https:\/\/ranpal.org\/index.php?rest_route=\/wp\/v2\/types\/post"}],"author":[{"embeddable":true,"href":"https:\/\/ranpal.org\/index.php?rest_route=\/wp\/v2\/users\/2"}],"replies":[{"embeddable":true,"href":"https:\/\/ranpal.org\/index.php?rest_route=%2Fwp%2Fv2%2Fcomments&post=106"}],"version-history":[{"count":2,"href":"https:\/\/ranpal.org\/index.php?rest_route=\/wp\/v2\/posts\/106\/revisions"}],"predecessor-version":[{"id":108,"href":"https:\/\/ranpal.org\/index.php?rest_route=\/wp\/v2\/posts\/106\/revisions\/108"}],"wp:attachment":[{"href":"https:\/\/ranpal.org\/index.php?rest_route=%2Fwp%2Fv2%2Fmedia&parent=106"}],"wp:term":[{"taxonomy":"category","embeddable":true,"href":"https:\/\/ranpal.org\/index.php?rest_route=%2Fwp%2Fv2%2Fcategories&post=106"},{"taxonomy":"post_tag","embeddable":true,"href":"https:\/\/ranpal.org\/index.php?rest_route=%2Fwp%2Fv2%2Ftags&post=106"}],"curies":[{"name":"wp","href":"https:\/\/api.w.org\/{rel}","templated":true}]}}