{"id":171,"date":"2021-07-31T14:00:57","date_gmt":"2021-07-31T14:00:57","guid":{"rendered":"https:\/\/ranpal.org\/?p=171"},"modified":"2021-07-31T14:07:42","modified_gmt":"2021-07-31T14:07:42","slug":"fuerzas-de-tarea-del-ejercito-en-choco-se-visten-como-disidencias","status":"publish","type":"post","link":"https:\/\/ranpal.org\/?p=171","title":{"rendered":"FUERZAS DE TAREA DEL EJ\u00c9RCITO EN CHOC\u00d3 SE VISTEN COMO \u201cDISIDENCIAS\u201d"},"content":{"rendered":"<p><img loading=\"lazy\" decoding=\"async\" class=\"aligncenter\" src=\"https:\/\/eln-voces.net\/wp-content\/uploads\/2021\/07\/I801-04.jpg\" alt=\"FUERZAS DE TAREA DEL EJ\u00c9RCITO EN CHOC\u00d3 SE VISTEN COMO \u201cDISIDENCIAS\u201d\" width=\"442\" height=\"279\" data-wp-editing=\"1\" \/><\/p>\n<p><strong>C<\/strong>omunicado de el Frente de Guerra Occidental Omar G\u00f3mez del Ej\u00e9rcito de Liberaci\u00f3n Nacional (ELN)en el Choc\u00f3, Colombia, publicado este lunes 26 de julio en la Revista semanal Insurrecci\u00f3n n\u00famero 801 a trav\u00e9s del portal <a href=\"http:\/\/www.eln.voces.net\">http:\/\/www.eln.voces.net<\/a><\/p>\n<p>Por sus riquezas el Choc\u00f3 es objeto de una Guerra para desterrar a las comunidades ind\u00edgenas y negras, en ella los narcoparamilitares usan minas de forma indiscriminada, operaciones que las Fuerzas Armadas y las grandes empresas de desinformaci\u00f3n atribuyen al ELN.<\/p>\n<p><strong><a href=\"http:\/\/Ranpal.org\">http:\/\/Ranpal.org<\/a>\u00a0\u00abVoz de lucha y resistencia del pueblo colombiano\u00bb.<\/strong><br \/>\n<strong>Bogot\u00e1 s\u00e1bado 31 julio 2021.<\/strong><\/p>\n<p>Oir y descarar audio en <a href=\"https:\/\/go.ivoox.com\/rf\/73518679\">https:\/\/go.ivoox.com\/rf\/73518679<\/a><\/p>\n<p>S\u00edganos en <a href=\"https:\/\/www.facebook.com\/ranpal.patrialibre\">https:\/\/www.facebook.com\/ranpal.patrialibre<\/a><\/p>\n<p><a href=\"https:\/\/twitter.com\/ranpalino\"><img loading=\"lazy\" decoding=\"async\" class=\"css-9pa8cd lazyloaded\" draggable=\"true\" src=\"https:\/\/pbs.twimg.com\/profile_images\/1361419257423233026\/rJm4T6HR_400x400.jpg\" alt=\"Imagen\" width=\"100\" height=\"100\" data-src=\"https:\/\/pbs.twimg.com\/profile_images\/1361419257423233026\/rJm4T6HR_400x400.jpg\" \/><\/a><a href=\"https:\/\/twitter.com\/ranpalino\"> Tweter https:\/\/twitter.com\/ranpalino<\/a><\/p>\n","protected":false},"excerpt":{"rendered":"<p>Comunicado de el Frente de Guerra Occidental Omar G\u00f3mez del Ej\u00e9rcito de Liberaci\u00f3n Nacional (ELN)en<\/p>\n","protected":false},"author":2,"featured_media":0,"comment_status":"open","ping_status":"open","sticky":false,"template":"","format":"standard","meta":{"h5ap_radio_sources":[],"footnotes":""},"categories":[21],"tags":[],"class_list":["post-171","post","type-post","status-publish","format-standard","hentry","category-ranpal-org"],"_links":{"self":[{"href":"https:\/\/ranpal.org\/index.php?rest_route=\/wp\/v2\/posts\/171","targetHints":{"allow":["GET"]}}],"collection":[{"href":"https:\/\/ranpal.org\/index.php?rest_route=\/wp\/v2\/posts"}],"about":[{"href":"https:\/\/ranpal.org\/index.php?rest_route=\/wp\/v2\/types\/post"}],"author":[{"embeddable":true,"href":"https:\/\/ranpal.org\/index.php?rest_route=\/wp\/v2\/users\/2"}],"replies":[{"embeddable":true,"href":"https:\/\/ranpal.org\/index.php?rest_route=%2Fwp%2Fv2%2Fcomments&post=171"}],"version-history":[{"count":1,"href":"https:\/\/ranpal.org\/index.php?rest_route=\/wp\/v2\/posts\/171\/revisions"}],"predecessor-version":[{"id":172,"href":"https:\/\/ranpal.org\/index.php?rest_route=\/wp\/v2\/posts\/171\/revisions\/172"}],"wp:attachment":[{"href":"https:\/\/ranpal.org\/index.php?rest_route=%2Fwp%2Fv2%2Fmedia&parent=171"}],"wp:term":[{"taxonomy":"category","embeddable":true,"href":"https:\/\/ranpal.org\/index.php?rest_route=%2Fwp%2Fv2%2Fcategories&post=171"},{"taxonomy":"post_tag","embeddable":true,"href":"https:\/\/ranpal.org\/index.php?rest_route=%2Fwp%2Fv2%2Ftags&post=171"}],"curies":[{"name":"wp","href":"https:\/\/api.w.org\/{rel}","templated":true}]}}