{"id":195,"date":"2021-08-08T18:55:02","date_gmt":"2021-08-08T18:55:02","guid":{"rendered":"https:\/\/ranpal.org\/?p=195"},"modified":"2021-08-08T19:23:34","modified_gmt":"2021-08-08T19:23:34","slug":"neoliberalismo-declara-guerra-al-bajo-cauca","status":"publish","type":"post","link":"https:\/\/ranpal.org\/?p=195","title":{"rendered":"NEOLIBERALISMO DECLARA GUERRA AL BAJO CAUCA"},"content":{"rendered":"<p><img loading=\"lazy\" decoding=\"async\" class=\"aligncenter\" src=\"https:\/\/eln-voces.net\/wp-content\/uploads\/2021\/08\/I802-06.jpg\" alt=\"NEOLIBERALISMO DECLARA GUERRA AL BAJO CAUCA\" width=\"513\" height=\"324\" \/><\/p>\n<p><strong>E<\/strong>l desplazamiento forzado de las comunidades campesinas en Ituango demuestra c\u00f3mo el terror de los narcoparamilitares, es un brazo de las empresas extranjeras que poseen T\u00edtulos Mineros en la zona, protegidas por el <strong>plan neoliberal de expoliar los bienes naturales de esta subregi\u00f3n de Antioquia.<\/strong><\/p>\n<p><strong>A<\/strong>rt\u00edculo escrito por Carmen Tarazona para la Revista semanal Insurrecci\u00f3n n\u00famero 802 del <strong>Ej\u00e9rcito de Liberaci\u00f3n Nacional (ELN)<\/strong> de Colombia y publicado el lunes 02 de agosto en <a href=\"https:\/\/eln-voces.net\/neoliberalismo-declara-guerra-al-bajo-cauca\/\">https:\/\/eln-voces.net\/neoliberalismo-declara-guerra-al-bajo-cauca\/<\/a><\/p>\n<p><strong>Ranpal \u00abvoz y sentir del pueblo colombiano\u00bb.<\/strong><br \/>\n<strong>Bogot\u00e1 domingo 08 agosto 2021.<\/strong><\/p>\n<p>Escuche y descargue audio en <a href=\"https:\/\/go.ivoox.com\/rf\/73830465\">https:\/\/go.ivoox.com\/rf\/73830465<\/a><\/p>\n<p><strong>S\u00edganos en<\/strong> <a href=\"https:\/\/www.facebook.com\/ranpal.patrialibre\">https:\/\/www.facebook.com\/ranpal.patrialibre<\/a><\/p>\n<p><a class=\"twitter-timeline\" data-width=\"640\" data-height=\"960\" data-dnt=\"true\" href=\"https:\/\/twitter.com\/Ranpalino1?ref_src=twsrc%5Etfw\">Tweets by Ranpalino1<\/a><script async src=\"https:\/\/platform.twitter.com\/widgets.js\" charset=\"utf-8\"><\/script><\/p>\n<p>&nbsp;<\/p>\n<p>&nbsp;<\/p>\n<p>&nbsp;<\/p>\n","protected":false},"excerpt":{"rendered":"<p>El desplazamiento forzado de las comunidades campesinas en Ituango demuestra c\u00f3mo el terror de los<\/p>\n","protected":false},"author":2,"featured_media":0,"comment_status":"open","ping_status":"open","sticky":false,"template":"","format":"standard","meta":{"h5ap_radio_sources":[],"footnotes":""},"categories":[21],"tags":[],"class_list":["post-195","post","type-post","status-publish","format-standard","hentry","category-ranpal-org"],"_links":{"self":[{"href":"https:\/\/ranpal.org\/index.php?rest_route=\/wp\/v2\/posts\/195","targetHints":{"allow":["GET"]}}],"collection":[{"href":"https:\/\/ranpal.org\/index.php?rest_route=\/wp\/v2\/posts"}],"about":[{"href":"https:\/\/ranpal.org\/index.php?rest_route=\/wp\/v2\/types\/post"}],"author":[{"embeddable":true,"href":"https:\/\/ranpal.org\/index.php?rest_route=\/wp\/v2\/users\/2"}],"replies":[{"embeddable":true,"href":"https:\/\/ranpal.org\/index.php?rest_route=%2Fwp%2Fv2%2Fcomments&post=195"}],"version-history":[{"count":7,"href":"https:\/\/ranpal.org\/index.php?rest_route=\/wp\/v2\/posts\/195\/revisions"}],"predecessor-version":[{"id":202,"href":"https:\/\/ranpal.org\/index.php?rest_route=\/wp\/v2\/posts\/195\/revisions\/202"}],"wp:attachment":[{"href":"https:\/\/ranpal.org\/index.php?rest_route=%2Fwp%2Fv2%2Fmedia&parent=195"}],"wp:term":[{"taxonomy":"category","embeddable":true,"href":"https:\/\/ranpal.org\/index.php?rest_route=%2Fwp%2Fv2%2Fcategories&post=195"},{"taxonomy":"post_tag","embeddable":true,"href":"https:\/\/ranpal.org\/index.php?rest_route=%2Fwp%2Fv2%2Ftags&post=195"}],"curies":[{"name":"wp","href":"https:\/\/api.w.org\/{rel}","templated":true}]}}