{"id":2356,"date":"2022-06-28T19:35:56","date_gmt":"2022-06-28T19:35:56","guid":{"rendered":"https:\/\/ranpal.org\/?p=2356"},"modified":"2022-06-28T20:00:41","modified_gmt":"2022-06-28T20:00:41","slug":"gran-dialogo-nacional-por-la-paz","status":"publish","type":"post","link":"https:\/\/ranpal.org\/?p=2356","title":{"rendered":"GRAN DI\u00c1LOGO NACIONAL POR LA PAZ"},"content":{"rendered":"<style>\/*! elementor - v3.6.6 - 15-06-2022 *\/\n.elementor-widget-image{text-align:center}.elementor-widget-image a{display:inline-block}.elementor-widget-image a img[src$=\".svg\"]{width:48px}.elementor-widget-image img{vertical-align:middle;display:inline-block}<\/style>\n<figure>\n\t\t\t\t\t\t\t\t\t\t\t<a href=\"https:\/\/eln-voces.net\/gran-dialogo-nacional-por-la-paz\/\" target=\"_blank\" rel=\"noopener\"><br \/>\n\t\t\t\t\t\t\t<img decoding=\"async\" width=\"700\" height=\"600\" src=\"https:\/\/ranpal.org\/Biblioteca\/2022\/06\/EDITORIAL-849-REVISTA-INSURRECCION-DEL-ELN.jpg\" alt=\"\" loading=\"lazy\" srcset=\"https:\/\/ranpal.org\/Biblioteca\/2022\/06\/EDITORIAL-849-REVISTA-INSURRECCION-DEL-ELN.jpg 700w, https:\/\/ranpal.org\/Biblioteca\/2022\/06\/EDITORIAL-849-REVISTA-INSURRECCION-DEL-ELN-300x257.jpg 300w\" sizes=\"auto, (max-width: 700px) 100vw, 700px\" \/>\t\t\t\t\t\t\t\t<\/a><figcaption>El ELN se apresta a trabajar en todas las din\u00e1micas y mecanismos que agilicen y posibiliten reanudar las conversaciones con el Gobierno del Presidente Gustavo Petro, con el prop\u00f3sito y la esperanza de seguir contribuyendo a edificar una Nueva Colombia.<\/figcaption><\/figure>\n<p><b>E<\/b>ditorial semanal de la Revista Insurrecci\u00f3n n\u00famero 849 escrito por el Comando central (COCE) del Ej\u00e9rcito de Liberaci\u00f3n Nacional (ELN) de Colombia y publicado este lunes 27 de junio en el portal&nbsp;<a href=\"http:\/\/www.eln-voces.net\" target=\"_blank\" style=\"font-family: var( --e-global-typography-text-font-family ), Sans-serif; background-color: rgb(255, 255, 255); letter-spacing: 0px;\" rel=\"noopener\"><b>www.eln-voces.net<\/b><\/a><\/p>\n<p><b>La victoria electoral del 19 de junio es un paso hist\u00f3rico de los sectores populares para abrir el camino hacia los cambios, este paso de presencia en el Gobierno ha costado sangre de j\u00f3venes, l\u00edderes y comunidades, la mayor\u00eda de votos son conscientes y producto de un largo proceso de acumulaci\u00f3n pol\u00edtica y cultural de las mayor\u00edas estigmatizadas, excluidas y violentadas<\/b>, es el trabajo de miles de activistas que llevan la voz para hacerse escuchar, tambi\u00e9n es producto de la conciencia ganada en miles de protestas, paros ,sobre todo de las grandes manifestaciones de 2019 y 2021.<\/p>\n<p><b>Ranpal \u00abcomunicaci\u00f3n para la emancipaci\u00f3n popular\u00bb.<br \/>Bogot\u00e1 martes 28 junio 2022.<\/b><\/p>\n<p>\t\t\t<iframe src=\"https:\/\/www.ivoox.com\/player_ej_89110550_6_1.html?c1=d9400d\" width=\"100%\" height=\"200\" frameborder=\"0\" allowfullscreen=\"\" scrolling=\"no\" loading=\"lazy\"><\/iframe><br \/>\n\t\t\t<a href=\"https:\/\/twitter.com\/Ramirodice1\" target=\"_blank\" role=\"button\" rel=\"noopener\"><br \/>\n\t\t\t\t\t\t <a class=\"twitter-timeline\" data-width=\"640\" data-height=\"960\" data-dnt=\"true\" href=\"https:\/\/twitter.com\/Ramirodice1?ref_src=twsrc%5Etfw\">Tweets by Ramirodice1<\/a><script async src=\"https:\/\/platform.twitter.com\/widgets.js\" charset=\"utf-8\"><\/script><br \/>\n\t\t\t\t\t<\/a><br \/>\n\t\t\t<a href=\"https:\/\/twitter.com\/antoniocdte\" target=\"_blank\" role=\"button\" rel=\"noopener\"><br \/>\n\t\t\t\t\t\t <a class=\"twitter-timeline\" data-width=\"640\" data-height=\"960\" data-dnt=\"true\" href=\"https:\/\/twitter.com\/antoniocdte?ref_src=twsrc%5Etfw\">Tweets by antoniocdte<\/a><script async src=\"https:\/\/platform.twitter.com\/widgets.js\" charset=\"utf-8\"><\/script><br \/>\n\t\t\t\t\t<\/a><br \/>\n\t\t\t<a href=\"https:\/\/t.me\/ranpaldiceahora\" target=\"_blank\" role=\"button\" rel=\"noopener\"><br \/>\n\t\t\t\t\t\t Telegram: http:\/\/t.me\/ranpaldiceahora<br \/>\n\t\t\t\t\t<\/a><\/p>\n","protected":false},"excerpt":{"rendered":"<p>El ELN se apresta a trabajar en todas las din\u00e1micas y mecanismos que agilicen y<\/p>\n","protected":false},"author":2,"featured_media":0,"comment_status":"open","ping_status":"open","sticky":false,"template":"","format":"standard","meta":{"h5ap_radio_sources":[],"footnotes":""},"categories":[15],"tags":[133,309,30,45],"class_list":["post-2356","post","type-post","status-publish","format-standard","hentry","category-editorial","tag-colombia","tag-dialogo","tag-editorial","tag-eln-57-anos"],"_links":{"self":[{"href":"https:\/\/ranpal.org\/index.php?rest_route=\/wp\/v2\/posts\/2356","targetHints":{"allow":["GET"]}}],"collection":[{"href":"https:\/\/ranpal.org\/index.php?rest_route=\/wp\/v2\/posts"}],"about":[{"href":"https:\/\/ranpal.org\/index.php?rest_route=\/wp\/v2\/types\/post"}],"author":[{"embeddable":true,"href":"https:\/\/ranpal.org\/index.php?rest_route=\/wp\/v2\/users\/2"}],"replies":[{"embeddable":true,"href":"https:\/\/ranpal.org\/index.php?rest_route=%2Fwp%2Fv2%2Fcomments&post=2356"}],"version-history":[{"count":19,"href":"https:\/\/ranpal.org\/index.php?rest_route=\/wp\/v2\/posts\/2356\/revisions"}],"predecessor-version":[{"id":2377,"href":"https:\/\/ranpal.org\/index.php?rest_route=\/wp\/v2\/posts\/2356\/revisions\/2377"}],"wp:attachment":[{"href":"https:\/\/ranpal.org\/index.php?rest_route=%2Fwp%2Fv2%2Fmedia&parent=2356"}],"wp:term":[{"taxonomy":"category","embeddable":true,"href":"https:\/\/ranpal.org\/index.php?rest_route=%2Fwp%2Fv2%2Fcategories&post=2356"},{"taxonomy":"post_tag","embeddable":true,"href":"https:\/\/ranpal.org\/index.php?rest_route=%2Fwp%2Fv2%2Ftags&post=2356"}],"curies":[{"name":"wp","href":"https:\/\/api.w.org\/{rel}","templated":true}]}}