{"id":2382,"date":"2022-06-29T20:49:14","date_gmt":"2022-06-29T20:49:14","guid":{"rendered":"https:\/\/ranpal.org\/?p=2382"},"modified":"2022-06-29T21:13:40","modified_gmt":"2022-06-29T21:13:40","slug":"no-se-puede-construir-pais-con-la-economia-en-deficit","status":"publish","type":"post","link":"https:\/\/ranpal.org\/?p=2382","title":{"rendered":"NO SE PUEDE CONSTRUIR PA\u00cdS CON LA ECONOM\u00cdA EN D\u00c9FICIT"},"content":{"rendered":"<style>\/*! elementor - v3.6.6 - 15-06-2022 *\/\n.elementor-widget-image{text-align:center}.elementor-widget-image a{display:inline-block}.elementor-widget-image a img[src$=\".svg\"]{width:48px}.elementor-widget-image img{vertical-align:middle;display:inline-block}<\/style>\n<figure>\n\t\t\t\t\t\t\t\t\t\t\t<a href=\"https:\/\/eln-voces.net\/no-se-puede-construir-pais-con-la-economia-en-deficit\/\" target=\"_blank\" rel=\"noopener\"><br \/>\n\t\t\t\t\t\t\t<img decoding=\"async\" src=\"https:\/\/ranpal.org\/Biblioteca\/elementor\/thumbs\/AUDIO-ECONOMIA-EN-DEFICIT-pr1m9u5l9i3bgiac21we5utot3v35psgjfbm2xdtkw.jpg\" title=\"AUDIO ECONOM\u00ccA EN D\u00c9FICIT\" alt=\"AUDIO ECONOM\u00ccA EN D\u00c9FICIT\" \/>\t\t\t\t\t\t\t\t<\/a><figcaption>Si el nuevo gobierno, el de Petro, de verdad quiere cambio social debe reducir privilegios otorgados al poder financiero y patrimonial, combatir la corrupci\u00f3n,  rebajar gastos burocr\u00e1ticos del Estado y renegociar los compromisos de la Deuda Externa o \u00abdeuda eterna\u00bb.<\/figcaption><\/figure>\n<p><b><br \/>\nL<\/b>as pol\u00edticas deficitarias impuestas por Duque han sido nefastas para nuestra econom\u00eda,<b> toda vez que las ha centrado en priorizar el Gasto Corriente (burocracia, Guerra, pago de Deuda Externa) y disminuir el Gasto Social (salud, educaci\u00f3n), desde luego esta pol\u00edtica antiecon\u00f3mica fue exacerbada por la pandemia del Covid-19 y el conflicto entre Ucrania y Rusia, <\/b>por esto a dos meses de instalarse el nuevo Gobierno, los principales \u00edndices econ\u00f3micos son negativos y las proyecciones econ\u00f3micas son regresivas.<\/p>\n<p>Escrito por Claudia Julieta Parra para la Revista semnal Insurrecci\u00f3n n\u00famero 849 del Ej\u00e9rcito de Liberaci\u00f3n Nacional en Colombia y publicado en el portal&nbsp;<a href=\"http:\/\/www.eln-voces.net\" target=\"_blank\" style=\"font-family: var( --e-global-typography-text-font-family ), Sans-serif; font-weight: var( --e-global-typography-text-font-weight ); background-color: rgb(255, 255, 255); letter-spacing: 0px;\" rel=\"noopener\">www.eln-voces.net<\/a><\/p>\n<p><b>Ranpal \u00abvoz y sentir popular\u00bb.<br \/>\nBogot\u00e1 mi\u00e9rcoles 29 junio 2022.<\/b><\/p>\n<p>\t\t\t<iframe src=\"https:\/\/www.ivoox.com\/player_ej_89181808_6_1.html?c1=fd0d0d\" width=\"100%\" height=\"200\" frameborder=\"0\" allowfullscreen=\"\" scrolling=\"no\" loading=\"lazy\"><\/iframe><br \/>\n\t\t\t<a href=\"https:\/\/twitter.com\/Ramirodice1\" target=\"_blank\" role=\"button\" rel=\"noopener\"><br \/>\n\t\t\t\t\t\t <a class=\"twitter-timeline\" data-width=\"640\" data-height=\"960\" data-dnt=\"true\" href=\"https:\/\/twitter.com\/Ramirodice1?ref_src=twsrc%5Etfw\">Tweets by Ramirodice1<\/a><script async src=\"https:\/\/platform.twitter.com\/widgets.js\" charset=\"utf-8\"><\/script><br \/>\n\t\t\t\t\t<\/a><br \/>\n\t\t\t<a href=\"https:\/\/twitter.com\/antoniocdte\" target=\"_blank\" role=\"button\" rel=\"noopener\"><br \/>\n\t\t\t\t\t\t <a class=\"twitter-timeline\" data-width=\"640\" data-height=\"960\" data-dnt=\"true\" href=\"https:\/\/twitter.com\/antoniocdte?ref_src=twsrc%5Etfw\">Tweets by antoniocdte<\/a><script async src=\"https:\/\/platform.twitter.com\/widgets.js\" charset=\"utf-8\"><\/script><br \/>\n\t\t\t\t\t<\/a><br \/>\n\t\t\t<a href=\"https:\/\/t.me\/ranpaldiceahora\" target=\"_blank\" role=\"button\" rel=\"noopener\"><br \/>\n\t\t\t\t\t\t Telegram: http:\/\/t.me\/ranpaldiceahora<br \/>\n\t\t\t\t\t<\/a><\/p>\n","protected":false},"excerpt":{"rendered":"<p>Si el nuevo gobierno, el de Petro, de verdad quiere cambio social debe reducir privilegios<\/p>\n","protected":false},"author":2,"featured_media":0,"comment_status":"open","ping_status":"open","sticky":false,"template":"","format":"standard","meta":{"h5ap_radio_sources":[],"footnotes":""},"categories":[21],"tags":[133,215,130],"class_list":["post-2382","post","type-post","status-publish","format-standard","hentry","category-ranpal-org","tag-colombia","tag-deuda-externa","tag-economia"],"_links":{"self":[{"href":"https:\/\/ranpal.org\/index.php?rest_route=\/wp\/v2\/posts\/2382","targetHints":{"allow":["GET"]}}],"collection":[{"href":"https:\/\/ranpal.org\/index.php?rest_route=\/wp\/v2\/posts"}],"about":[{"href":"https:\/\/ranpal.org\/index.php?rest_route=\/wp\/v2\/types\/post"}],"author":[{"embeddable":true,"href":"https:\/\/ranpal.org\/index.php?rest_route=\/wp\/v2\/users\/2"}],"replies":[{"embeddable":true,"href":"https:\/\/ranpal.org\/index.php?rest_route=%2Fwp%2Fv2%2Fcomments&post=2382"}],"version-history":[{"count":28,"href":"https:\/\/ranpal.org\/index.php?rest_route=\/wp\/v2\/posts\/2382\/revisions"}],"predecessor-version":[{"id":2412,"href":"https:\/\/ranpal.org\/index.php?rest_route=\/wp\/v2\/posts\/2382\/revisions\/2412"}],"wp:attachment":[{"href":"https:\/\/ranpal.org\/index.php?rest_route=%2Fwp%2Fv2%2Fmedia&parent=2382"}],"wp:term":[{"taxonomy":"category","embeddable":true,"href":"https:\/\/ranpal.org\/index.php?rest_route=%2Fwp%2Fv2%2Fcategories&post=2382"},{"taxonomy":"post_tag","embeddable":true,"href":"https:\/\/ranpal.org\/index.php?rest_route=%2Fwp%2Fv2%2Ftags&post=2382"}],"curies":[{"name":"wp","href":"https:\/\/api.w.org\/{rel}","templated":true}]}}