{"id":2414,"date":"2022-07-02T20:01:28","date_gmt":"2022-07-02T20:01:28","guid":{"rendered":"https:\/\/ranpal.org\/?p=2414"},"modified":"2022-07-02T20:11:30","modified_gmt":"2022-07-02T20:11:30","slug":"un-minuto-para-la-paz","status":"publish","type":"post","link":"https:\/\/ranpal.org\/?p=2414","title":{"rendered":"UN MINUTO PARA LA PAZ"},"content":{"rendered":"<style>\/*! elementor - v3.6.6 - 15-06-2022 *\/\n.elementor-widget-image{text-align:center}.elementor-widget-image a{display:inline-block}.elementor-widget-image a img[src$=\".svg\"]{width:48px}.elementor-widget-image img{vertical-align:middle;display:inline-block}<\/style>\n<figure>\n\t\t\t\t\t\t\t\t\t\t<img decoding=\"async\" src=\"https:\/\/ranpal.org\/Biblioteca\/elementor\/thumbs\/UN-MINUTO-PARA-LA-PAZ.-JULIO-pr6s72ewsim9rxzxaqkgmccoa7scvkg3ru2o5r9kow.jpg\" title=\"UN MINUTO PARA LA PAZ. JULIO\" alt=\"UN MINUTO PARA LA PAZ. JULIO\" \/><figcaption>El pueblo colombiano espera del gobierno entrante pol\u00edticas incluyentes, de equidad y justicia social. No m\u00e1s guerra, corrupci\u00f3n, narcotr\u00e1fico, mentiras e incumplimientos.<\/figcaption><\/figure>\n<p><b><br \/>\nE<\/b>xpresiones de nuestros oyentes que compartimos con nuestras y nuestros seguidores en<b> \u00abUn Minuto para la Paz\u00bb<\/b>, espacio en Radio Nacional Patria Libre para hablar sobre este tema tan anhelado pero impreciso y poco real en nuestra Colombia.<\/p>\n<p><b>Soy Mariela Gonzalez y les hablo desde Arauca. En un Minuto para la Paz quiero invitar a todas y todos los colombianos que siempre hemos sido excluidos y negados, para que organizadamente protagonicemos el estructural y aut\u00e9ntico cambio que necesitamos en el pa\u00eds&#8230;<\/b><\/p>\n<p><b>Ranpal \u00abvoz y sentir del pueblo colombiano\u00bb.<br \/>\nBogot\u00e1 s\u00e1bado 02 julio 2022.<\/b><\/p>\n<p>\t\t\t<iframe src=\"https:\/\/www.ivoox.com\/player_ej_89287830_6_1.html?c1=f02828\" width=\"100%\" height=\"200\" frameborder=\"0\" allowfullscreen=\"\" scrolling=\"no\" loading=\"lazy\"><\/iframe><br \/>\n\t\t\t<a href=\"https:\/\/twitter.com\/Ramirodice1\" target=\"_blank\" role=\"button\" rel=\"noopener\"><br \/>\n\t\t\t\t\t\t <a class=\"twitter-timeline\" data-width=\"640\" data-height=\"960\" data-dnt=\"true\" href=\"https:\/\/twitter.com\/Ramirodice1?ref_src=twsrc%5Etfw\">Tweets by Ramirodice1<\/a><script async src=\"https:\/\/platform.twitter.com\/widgets.js\" charset=\"utf-8\"><\/script><br \/>\n\t\t\t\t\t<\/a><br \/>\n\t\t\t<a href=\"https:\/\/twitter.com\/antoniocdte\" target=\"_blank\" role=\"button\" rel=\"noopener\"><br \/>\n\t\t\t\t\t\t <a class=\"twitter-timeline\" data-width=\"640\" data-height=\"960\" data-dnt=\"true\" href=\"https:\/\/twitter.com\/antoniocdte?ref_src=twsrc%5Etfw\">Tweets by antoniocdte<\/a><script async src=\"https:\/\/platform.twitter.com\/widgets.js\" charset=\"utf-8\"><\/script><br \/>\n\t\t\t\t\t<\/a><br \/>\n\t\t\t<a href=\"https:\/\/t.me\/ranpaldiceahora\" target=\"_blank\" role=\"button\" rel=\"noopener\"><br \/>\n\t\t\t\t\t\t Telegram: http:\/\/t.me\/ranpaldiceahora<br \/>\n\t\t\t\t\t<\/a><\/p>\n","protected":false},"excerpt":{"rendered":"<p>El pueblo colombiano espera del gobierno entrante pol\u00edticas incluyentes, de equidad y justicia social. No<\/p>\n","protected":false},"author":2,"featured_media":0,"comment_status":"open","ping_status":"open","sticky":false,"template":"","format":"standard","meta":{"h5ap_radio_sources":[],"footnotes":""},"categories":[21],"tags":[13,133,309,138],"class_list":["post-2414","post","type-post","status-publish","format-standard","hentry","category-ranpal-org","tag-4-de-julio","tag-colombia","tag-dialogo","tag-paz"],"_links":{"self":[{"href":"https:\/\/ranpal.org\/index.php?rest_route=\/wp\/v2\/posts\/2414","targetHints":{"allow":["GET"]}}],"collection":[{"href":"https:\/\/ranpal.org\/index.php?rest_route=\/wp\/v2\/posts"}],"about":[{"href":"https:\/\/ranpal.org\/index.php?rest_route=\/wp\/v2\/types\/post"}],"author":[{"embeddable":true,"href":"https:\/\/ranpal.org\/index.php?rest_route=\/wp\/v2\/users\/2"}],"replies":[{"embeddable":true,"href":"https:\/\/ranpal.org\/index.php?rest_route=%2Fwp%2Fv2%2Fcomments&post=2414"}],"version-history":[{"count":19,"href":"https:\/\/ranpal.org\/index.php?rest_route=\/wp\/v2\/posts\/2414\/revisions"}],"predecessor-version":[{"id":2434,"href":"https:\/\/ranpal.org\/index.php?rest_route=\/wp\/v2\/posts\/2414\/revisions\/2434"}],"wp:attachment":[{"href":"https:\/\/ranpal.org\/index.php?rest_route=%2Fwp%2Fv2%2Fmedia&parent=2414"}],"wp:term":[{"taxonomy":"category","embeddable":true,"href":"https:\/\/ranpal.org\/index.php?rest_route=%2Fwp%2Fv2%2Fcategories&post=2414"},{"taxonomy":"post_tag","embeddable":true,"href":"https:\/\/ranpal.org\/index.php?rest_route=%2Fwp%2Fv2%2Ftags&post=2414"}],"curies":[{"name":"wp","href":"https:\/\/api.w.org\/{rel}","templated":true}]}}