{"id":2435,"date":"2022-07-04T19:21:31","date_gmt":"2022-07-04T19:21:31","guid":{"rendered":"https:\/\/ranpal.org\/?p=2435"},"modified":"2022-07-04T19:35:22","modified_gmt":"2022-07-04T19:35:22","slug":"notiranpal-noticias-en-revolucion","status":"publish","type":"post","link":"https:\/\/ranpal.org\/?p=2435","title":{"rendered":"NOTIRANPAL NOTICIAS EN REVOLUCI\u00d3N"},"content":{"rendered":"<style>\/*! elementor - v3.6.6 - 15-06-2022 *\/\n.elementor-widget-image{text-align:center}.elementor-widget-image a{display:inline-block}.elementor-widget-image a img[src$=\".svg\"]{width:48px}.elementor-widget-image img{vertical-align:middle;display:inline-block}<\/style>\n<figure>\n\t\t\t\t\t\t\t\t\t\t<img decoding=\"async\" src=\"https:\/\/ranpal.org\/Biblioteca\/elementor\/thumbs\/NOTIRANPAL-1-pra7sj3k7pljx2wjk1jtljbb8cy5fwibimuqb602rk.jpg\" title=\"NOTIRANPAL #1\" alt=\"NOTIRANPAL #1\" \/><figcaption>A prop\u00f3sito de los 58 a\u00f1os de la Primera Marcha Guerrillera del ELN lanzamos Notiranpal. Otra forma de conocer y abordar hechos noticiosos nacionales e internacionales.<\/figcaption><\/figure>\n<p><b>C<\/b>omo una manera de conmemorar y reconocer la resistencia y la lucha revolucionaria de toda la militancia del Ej\u00e9rcito de Liberaci\u00f3n Nacional <b>comenzamos este 04 de julio, a 58 a\u00f1os de la Primera Marcha Guerrillera, Notiranpal. Noticias en tiempos de revoluci\u00f3n y cambios para que el sentir, la voz y el saber de los sectores populares tambi\u00e9n siga siendo protagonista en la construcci\u00f3n de Nuevo Pa\u00eds.<\/b> Mirada fresca y social al acontecer nacional e internacional.<\/p>\n<p><b>Conozca en este episodio el pronunciamiento y saludo del primer Comandante del ELN Antonio Garcia al pueblo colombiano y a la militancia elena.<\/b><\/p>\n<p><b>Ranpal \u00abcomunicamos para vencer\u00bb.<br \/>\nBogot\u00e1 lunes 04 de julio 2022.<\/b><\/p>\n<p>\t\t\t<iframe src=\"https:\/\/www.ivoox.com\/player_ej_89342123_6_1.html?c1=ee2b2b\" width=\"100%\" height=\"200\" frameborder=\"0\" allowfullscreen=\"\" scrolling=\"no\" loading=\"lazy\"><\/iframe><br \/>\n\t\t\t<a href=\"https:\/\/twitter.com\/Ramirodice1\" target=\"_blank\" role=\"button\" rel=\"noopener\"><br \/>\n\t\t\t\t\t\t <a class=\"twitter-timeline\" data-width=\"640\" data-height=\"960\" data-dnt=\"true\" href=\"https:\/\/twitter.com\/Ramirodice1?ref_src=twsrc%5Etfw\">Tweets by Ramirodice1<\/a><script async src=\"https:\/\/platform.twitter.com\/widgets.js\" charset=\"utf-8\"><\/script><br \/>\n\t\t\t\t\t<\/a><br \/>\n\t\t\t<a href=\"https:\/\/twitter.com\/antoniocdte\" target=\"_blank\" role=\"button\" rel=\"noopener\"><br \/>\n\t\t\t\t\t\t <a class=\"twitter-timeline\" data-width=\"640\" data-height=\"960\" data-dnt=\"true\" href=\"https:\/\/twitter.com\/antoniocdte?ref_src=twsrc%5Etfw\">Tweets by antoniocdte<\/a><script async src=\"https:\/\/platform.twitter.com\/widgets.js\" charset=\"utf-8\"><\/script><br \/>\n\t\t\t\t\t<\/a><br \/>\n\t\t\t<a href=\"https:\/\/t.me\/ranpaldiceahora\" target=\"_blank\" role=\"button\" rel=\"noopener\"><br \/>\n\t\t\t\t\t\t Telegram: http:\/\/t.me\/ranpaldiceahora<br \/>\n\t\t\t\t\t<\/a><\/p>\n","protected":false},"excerpt":{"rendered":"<p>A prop\u00f3sito de los 58 a\u00f1os de la Primera Marcha Guerrillera del ELN lanzamos Notiranpal.<\/p>\n","protected":false},"author":2,"featured_media":0,"comment_status":"open","ping_status":"open","sticky":false,"template":"","format":"standard","meta":{"h5ap_radio_sources":[],"footnotes":""},"categories":[21],"tags":[313,5,315,314],"class_list":["post-2435","post","type-post","status-publish","format-standard","hentry","category-ranpal-org","tag-4-de-julio-coce","tag-eln","tag-eln-58-anos","tag-pronunciamiento"],"_links":{"self":[{"href":"https:\/\/ranpal.org\/index.php?rest_route=\/wp\/v2\/posts\/2435","targetHints":{"allow":["GET"]}}],"collection":[{"href":"https:\/\/ranpal.org\/index.php?rest_route=\/wp\/v2\/posts"}],"about":[{"href":"https:\/\/ranpal.org\/index.php?rest_route=\/wp\/v2\/types\/post"}],"author":[{"embeddable":true,"href":"https:\/\/ranpal.org\/index.php?rest_route=\/wp\/v2\/users\/2"}],"replies":[{"embeddable":true,"href":"https:\/\/ranpal.org\/index.php?rest_route=%2Fwp%2Fv2%2Fcomments&post=2435"}],"version-history":[{"count":16,"href":"https:\/\/ranpal.org\/index.php?rest_route=\/wp\/v2\/posts\/2435\/revisions"}],"predecessor-version":[{"id":2453,"href":"https:\/\/ranpal.org\/index.php?rest_route=\/wp\/v2\/posts\/2435\/revisions\/2453"}],"wp:attachment":[{"href":"https:\/\/ranpal.org\/index.php?rest_route=%2Fwp%2Fv2%2Fmedia&parent=2435"}],"wp:term":[{"taxonomy":"category","embeddable":true,"href":"https:\/\/ranpal.org\/index.php?rest_route=%2Fwp%2Fv2%2Fcategories&post=2435"},{"taxonomy":"post_tag","embeddable":true,"href":"https:\/\/ranpal.org\/index.php?rest_route=%2Fwp%2Fv2%2Ftags&post=2435"}],"curies":[{"name":"wp","href":"https:\/\/api.w.org\/{rel}","templated":true}]}}