{"id":2916,"date":"2022-08-01T18:55:31","date_gmt":"2022-08-01T18:55:31","guid":{"rendered":"https:\/\/ranpal.org\/?p=2916"},"modified":"2022-08-01T19:14:04","modified_gmt":"2022-08-01T19:14:04","slug":"hasta-nunca-duque","status":"publish","type":"post","link":"https:\/\/ranpal.org\/?p=2916","title":{"rendered":"HASTA NUNCA DUQUE"},"content":{"rendered":"<style>\/*! elementor - v3.6.6 - 15-06-2022 *\/\n.elementor-widget-image{text-align:center}.elementor-widget-image a{display:inline-block}.elementor-widget-image a img[src$=\".svg\"]{width:48px}.elementor-widget-image img{vertical-align:middle;display:inline-block}<\/style>\n<figure>\n\t\t\t\t\t\t\t\t\t\t\t<a href=\"https:\/\/eln-voces.net\/hasta-nunca-duque\/\" target=\"_blank\" rel=\"noopener\"><br \/>\n\t\t\t\t\t\t\t<img decoding=\"async\" src=\"https:\/\/ranpal.org\/Biblioteca\/elementor\/thumbs\/EDITORIAL-854-REVISTA-INSURRECCION-DEL-ELN-psmx9iet22xsk2ci05vpm610rpyam2b2ea4xt9yozk.jpg\" title=\"EDITORIAL 854 REVISTA INSURRECCI\u00d3N DEL ELN\" alt=\"EDITORIAL 854 REVISTA INSURRECCI\u00d3N DEL ELN\" \/>\t\t\t\t\t\t\t\t<\/a><figcaption>Como dice el refr\u00e1n \u00abno hay bien que por mal no venga\u00bb porque los desastres de este Gobierno agudizaron la crisis del r\u00e9gimen, dieron lugar a las protestas y movilizaciones m\u00e1s portentosas de los \u00faltimos 70 a\u00f1os y abrieron campo al triunfo electoral de la centro izquierda, que accede al Gobierno por primera vez en 212 a\u00f1os de historia de Colombia como Rep\u00fablica.<\/figcaption><\/figure>\n<p><b><br \/>\nE<\/b>ditorial de la Revista semanal Insurrecci\u00f3n n\u00famero 854 escrito por el Comando Central (COCE) del Ej\u00e9rcito de liberaci\u00f3n Nacional (ELN) de Colombia y publicado este lunes 01 de agosto en el portal&nbsp;<a href=\"http:\/\/www-eln-voces.net\" target=\"_blank\" style=\"font-family: var( --e-global-typography-text-font-family ), Sans-serif; background-color: rgb(255, 255, 255); letter-spacing: 0px;\" rel=\"noopener\"><b>www.eln-voces.net<\/b><\/a><\/p>\n<p><b>Termina otro nefasto gobierno de la oligarqu\u00eda colombiana el del subpresidente Duque, l\u00e9ase el tercero de Alvaro Uribe y de su partido de extrema derecha el Centro Democr\u00e1tico.<\/b><\/p>\n<p><b>Ranpal \u00abcomunicamos para vencer\u00bb.<br \/>Bogot\u00e1 lunes 01 agosto 2022.<\/b><\/p>\n<p>\t\t\t<iframe src=\"https:\/\/www.ivoox.com\/player_ej_90521451_6_1.html?c1=f2182d\" width=\"100%\" height=\"200\" frameborder=\"0\" allowfullscreen=\"\" scrolling=\"no\" loading=\"lazy\"><\/iframe><br \/>\n\t\t\t<a href=\"https:\/\/twitter.com\/Ramirodice1\" target=\"_blank\" role=\"button\" rel=\"noopener\"><br \/>\n\t\t\t\t\t\t   <a class=\"twitter-timeline\" data-width=\"640\" data-height=\"960\" data-dnt=\"true\" href=\"https:\/\/twitter.com\/Ramirodice1?ref_src=twsrc%5Etfw\">Tweets by Ramirodice1<\/a><script async src=\"https:\/\/platform.twitter.com\/widgets.js\" charset=\"utf-8\"><\/script><br \/>\n\t\t\t\t\t<\/a><br \/>\n\t\t\t<a href=\"https:\/\/twitter.com\/antoniocdte\" target=\"_blank\" role=\"button\" rel=\"noopener\"><br \/>\n\t\t\t\t\t\t <a class=\"twitter-timeline\" data-width=\"640\" data-height=\"960\" data-dnt=\"true\" href=\"https:\/\/twitter.com\/antoniocdte?ref_src=twsrc%5Etfw\">Tweets by antoniocdte<\/a><script async src=\"https:\/\/platform.twitter.com\/widgets.js\" charset=\"utf-8\"><\/script><br \/>\n\t\t\t\t\t<\/a><br \/>\n\t\t\t<a href=\"https:\/\/t.me\/ranpaldiceahora\" target=\"_blank\" role=\"button\" rel=\"noopener\"><br \/>\n\t\t\t\t\t\t Telegram: http:\/\/t.me\/ranpaldiceahora<br \/>\n\t\t\t\t\t<\/a><\/p>\n","protected":false},"excerpt":{"rendered":"<p>Como dice el refr\u00e1n \u00abno hay bien que por mal no venga\u00bb porque los desastres<\/p>\n","protected":false},"author":2,"featured_media":0,"comment_status":"open","ping_status":"open","sticky":false,"template":"","format":"standard","meta":{"h5ap_radio_sources":[],"footnotes":""},"categories":[15],"tags":[133,169,30,315],"class_list":["post-2916","post","type-post","status-publish","format-standard","hentry","category-editorial","tag-colombia","tag-duque","tag-editorial","tag-eln-58-anos"],"_links":{"self":[{"href":"https:\/\/ranpal.org\/index.php?rest_route=\/wp\/v2\/posts\/2916","targetHints":{"allow":["GET"]}}],"collection":[{"href":"https:\/\/ranpal.org\/index.php?rest_route=\/wp\/v2\/posts"}],"about":[{"href":"https:\/\/ranpal.org\/index.php?rest_route=\/wp\/v2\/types\/post"}],"author":[{"embeddable":true,"href":"https:\/\/ranpal.org\/index.php?rest_route=\/wp\/v2\/users\/2"}],"replies":[{"embeddable":true,"href":"https:\/\/ranpal.org\/index.php?rest_route=%2Fwp%2Fv2%2Fcomments&post=2916"}],"version-history":[{"count":34,"href":"https:\/\/ranpal.org\/index.php?rest_route=\/wp\/v2\/posts\/2916\/revisions"}],"predecessor-version":[{"id":2951,"href":"https:\/\/ranpal.org\/index.php?rest_route=\/wp\/v2\/posts\/2916\/revisions\/2951"}],"wp:attachment":[{"href":"https:\/\/ranpal.org\/index.php?rest_route=%2Fwp%2Fv2%2Fmedia&parent=2916"}],"wp:term":[{"taxonomy":"category","embeddable":true,"href":"https:\/\/ranpal.org\/index.php?rest_route=%2Fwp%2Fv2%2Fcategories&post=2916"},{"taxonomy":"post_tag","embeddable":true,"href":"https:\/\/ranpal.org\/index.php?rest_route=%2Fwp%2Fv2%2Ftags&post=2916"}],"curies":[{"name":"wp","href":"https:\/\/api.w.org\/{rel}","templated":true}]}}