{"id":2959,"date":"2022-08-03T13:27:35","date_gmt":"2022-08-03T13:27:35","guid":{"rendered":"https:\/\/ranpal.org\/?p=2959"},"modified":"2022-08-03T13:36:51","modified_gmt":"2022-08-03T13:36:51","slug":"la-rebelion-un-derecho-y-un-recurso","status":"publish","type":"post","link":"https:\/\/ranpal.org\/?p=2959","title":{"rendered":"LA REBELI\u00d3N, UN DERECHO Y UN RECURSO"},"content":{"rendered":"<style>\/*! elementor - v3.6.6 - 15-06-2022 *\/\n.elementor-widget-image{text-align:center}.elementor-widget-image a{display:inline-block}.elementor-widget-image a img[src$=\".svg\"]{width:48px}.elementor-widget-image img{vertical-align:middle;display:inline-block}<\/style>\n<figure>\n\t\t\t\t\t\t\t\t\t\t\t<a href=\"https:\/\/eln-voces.net\/la-rebelion-un-derecho-y-un-recurso\/\" target=\"_blank\" rel=\"noopener\"><br \/>\n\t\t\t\t\t\t\t<img decoding=\"async\" src=\"https:\/\/ranpal.org\/Biblioteca\/elementor\/thumbs\/REBELION-UN-DERECHO-Y-UN-RECURSO-psq0c4s8gyr02c4jv37z5mnihn988pk2hmbydv61hc.jpg\" title=\"REBELI\u00d3N, UN DERECHO Y UN RECURSO\" alt=\"REBELI\u00d3N, UN DERECHO Y UN RECURSO\" \/>\t\t\t\t\t\t\t\t<\/a><figcaption>\u2018El hombre de honor no tiene m\u00e1s patria que aquella en que se protegen los derechos de los ciudadanos y se respeta el car\u00e1cter sagrado de la humanidad: la nuestra es la madre de todos los hombres libres y justos, sin distinci\u00f3n de origen y condici\u00f3n\u2019: Sim\u00f3n Bol\u00edvar.<\/figcaption><\/figure>\n<p><b>E<\/b>scrito por Claudia Isabel Ardila para la Revista semanal Insurrecci\u00f3n n\u00famero 954 del Ej\u00e9rcito de Liberaci\u00f3n Nacional en Colombia y publicado en el portal&nbsp;<a href=\"http:\/\/www.eln-voces.net\" target=\"_blank\" style=\"font-family: var( --e-global-typography-text-font-family ), Sans-serif; background-color: rgb(255, 255, 255); letter-spacing: 0px;\" rel=\"noopener\"><b>www.eln-voces.net<\/b><\/a><\/p>\n<p><b>El maestro Antonio Garc\u00eda unos de los cient\u00edficos sociales m\u00e1s importantes de Colombia al estudiar la gesta de los Comuneros(1781), se\u00f1al\u00f3 hace casi medio siglo que no se trataba aquella de una reacci\u00f3n inscrita en la historia de la Corona espa\u00f1ola,<\/b> sino que era el comienzo de otra Historia: la propia de un pa\u00eds posible contra ese poder <b>dominante establecido siglos atr\u00e1s; un proceso que nac\u00eda con ese movimiento insurreccional bajo la forma de una prerrevoluci\u00f3n de Independencia<\/b> que d\u00e9cadas despu\u00e9s acontecer\u00eda cuando Bol\u00edvar avanz\u00f3 con su campa\u00f1a de emancipaci\u00f3n.<\/p>\n<p><b>Ranpal \u00abvoz y sentir del pueblo colombiano\u00bb.<br \/>\nBogot\u00e1 mi\u00e9rcoles 03 agosto 2022.<\/b><\/p>\n<p>\t\t\t<iframe src=\"https:\/\/www.ivoox.com\/player_ej_90649766_6_1.html?c1=f32024\" width=\"100%\" height=\"200\" frameborder=\"0\" allowfullscreen=\"\" scrolling=\"no\" loading=\"lazy\"><\/iframe><br \/>\n\t\t\t<a href=\"https:\/\/twitter.com\/Ramirodice1\" target=\"_blank\" role=\"button\" rel=\"noopener\"><br \/>\n\t\t\t\t\t\t <a class=\"twitter-timeline\" data-width=\"640\" data-height=\"960\" data-dnt=\"true\" href=\"https:\/\/twitter.com\/Ramirodice1?ref_src=twsrc%5Etfw\">Tweets by Ramirodice1<\/a><script async src=\"https:\/\/platform.twitter.com\/widgets.js\" charset=\"utf-8\"><\/script><br \/>\n\t\t\t\t\t<\/a><br \/>\n\t\t\t<a href=\"https:\/\/twitter.com\/antoniocdte\" target=\"_blank\" role=\"button\" rel=\"noopener\"><br \/>\n\t\t\t\t\t\t <a class=\"twitter-timeline\" data-width=\"640\" data-height=\"960\" data-dnt=\"true\" href=\"https:\/\/twitter.com\/antoniocdte?ref_src=twsrc%5Etfw\">Tweets by antoniocdte<\/a><script async src=\"https:\/\/platform.twitter.com\/widgets.js\" charset=\"utf-8\"><\/script><br \/>\n\t\t\t\t\t<\/a><br \/>\n\t\t\t<a href=\"https:\/\/t.me\/ranpaldiceahora\" target=\"_blank\" role=\"button\" rel=\"noopener\"><br \/>\n\t\t\t\t\t\t Telegram: http:\/\/t.me\/ranpaldiceahora<br \/>\n\t\t\t\t\t<\/a><\/p>\n","protected":false},"excerpt":{"rendered":"<p>\u2018El hombre de honor no tiene m\u00e1s patria que aquella en que se protegen los<\/p>\n","protected":false},"author":2,"featured_media":0,"comment_status":"open","ping_status":"open","sticky":false,"template":"","format":"standard","meta":{"h5ap_radio_sources":[],"footnotes":""},"categories":[21],"tags":[133,335,334],"class_list":["post-2959","post","type-post","status-publish","format-standard","hentry","category-ranpal-org","tag-colombia","tag-emancipacion","tag-rebelion"],"_links":{"self":[{"href":"https:\/\/ranpal.org\/index.php?rest_route=\/wp\/v2\/posts\/2959","targetHints":{"allow":["GET"]}}],"collection":[{"href":"https:\/\/ranpal.org\/index.php?rest_route=\/wp\/v2\/posts"}],"about":[{"href":"https:\/\/ranpal.org\/index.php?rest_route=\/wp\/v2\/types\/post"}],"author":[{"embeddable":true,"href":"https:\/\/ranpal.org\/index.php?rest_route=\/wp\/v2\/users\/2"}],"replies":[{"embeddable":true,"href":"https:\/\/ranpal.org\/index.php?rest_route=%2Fwp%2Fv2%2Fcomments&post=2959"}],"version-history":[{"count":22,"href":"https:\/\/ranpal.org\/index.php?rest_route=\/wp\/v2\/posts\/2959\/revisions"}],"predecessor-version":[{"id":2982,"href":"https:\/\/ranpal.org\/index.php?rest_route=\/wp\/v2\/posts\/2959\/revisions\/2982"}],"wp:attachment":[{"href":"https:\/\/ranpal.org\/index.php?rest_route=%2Fwp%2Fv2%2Fmedia&parent=2959"}],"wp:term":[{"taxonomy":"category","embeddable":true,"href":"https:\/\/ranpal.org\/index.php?rest_route=%2Fwp%2Fv2%2Fcategories&post=2959"},{"taxonomy":"post_tag","embeddable":true,"href":"https:\/\/ranpal.org\/index.php?rest_route=%2Fwp%2Fv2%2Ftags&post=2959"}],"curies":[{"name":"wp","href":"https:\/\/api.w.org\/{rel}","templated":true}]}}