{"id":3128,"date":"2022-08-16T15:32:09","date_gmt":"2022-08-16T15:32:09","guid":{"rendered":"https:\/\/ranpal.org\/?p=3128"},"modified":"2022-08-16T15:44:54","modified_gmt":"2022-08-16T15:44:54","slug":"nuevo-gobierno-y-viejo-regimen","status":"publish","type":"post","link":"https:\/\/ranpal.org\/?p=3128","title":{"rendered":"NUEVO GOBIERNO Y VIEJO R\u00c9GIMEN"},"content":{"rendered":"<style>\/*! elementor - v3.6.8 - 01-08-2022 *\/\n.elementor-widget-image{text-align:center}.elementor-widget-image a{display:inline-block}.elementor-widget-image a img[src$=\".svg\"]{width:48px}.elementor-widget-image img{vertical-align:middle;display:inline-block}<\/style>\n<figure>\n\t\t\t\t\t\t\t\t\t\t<img decoding=\"async\" src=\"https:\/\/ranpal.org\/Biblioteca\/elementor\/thumbs\/EDITORIAL-856-REVISTA-INSURRECCION-ELN-ptcsdwy16vueay39e1istwrsjy5dicziovj7gexdds.jpg\" title=\"EDITORIAL #856 REVISTA INSURRECCI\u00d3N ELN\" alt=\"EDITORIAL #856 REVISTA INSURRECCI\u00d3N ELN\" \/><figcaption> Est\u00e1 por verse si la ret\u00f3rica de Washington la ratifican con hechos que demuestren que s\u00ed desea ser un Buen Vecino y corrigen sus desacatos al Derecho Internacional y las \u00abextorsiones\u00bb econ\u00f3micas a Cuba y o tros pueblos.<\/figcaption><\/figure>\n<p><b><br \/>\nE<\/b>ditorial de la Revista semanal Insurrecci\u00f3n n\u00famero 856 escrito por el Comando Central (COCE) del Ej\u00e9rcito de Liberaci\u00f3n&nbsp;Nacional (ELN) de Colombia y publicado este lunes 15 de agosto en el portal&nbsp;<a href=\"http:\/\/www.eln-voces.net\" target=\"_blank\" style=\"font-family: var( --e-global-typography-text-font-family ), Sans-serif; background-color: rgb(255, 255, 255); letter-spacing: 0px;\" rel=\"noopener\"><b>www.eln-voces.net<\/b><\/a><\/p>\n<p><b>El Presidente dos d\u00edas despu\u00e9s, en el D\u00eda Internacional de los Pueblos&nbsp;Ind\u00edgenas dijo que \u00abdebe gobernar para todos los colombianos\u00bb y los pueblos deben seguir resistiendo ante la amenaza de extinci\u00f3n que enfrentan, a causa del modelo&nbsp;neoliberal que saquea sus territorios, depreda el medioambiente y destierra a las comunidades<\/b>, el cual es resguardado por unas Fuerzas&nbsp;Armadas (FFAA) de medio&nbsp;mill\u00f3n de soldados y polic\u00edas, adem\u00e1s de millares de paramilitares.<\/p>\n<p><b>Ranpal \u00abvoz y sentir del pueblo colombiano\u00bb,<br \/>\nBogot\u00e1 martes 16 agosto 2022.<\/b><\/p>\n<p>\t\t\t<iframe src=\"https:\/\/www.ivoox.com\/player_ej_91143515_6_1.html?c1=f50a0a\" width=\"100%\" height=\"200\" frameborder=\"0\" allowfullscreen=\"\" scrolling=\"no\" loading=\"lazy\"><\/iframe><br \/>\n\t\t\t<a href=\"https:\/\/twitter.com\/Ramirodice1\" target=\"_blank\" role=\"button\" rel=\"noopener\"><br \/>\n\t\t\t\t\t\t <a class=\"twitter-timeline\" data-width=\"640\" data-height=\"960\" data-dnt=\"true\" href=\"https:\/\/twitter.com\/Ramirodice1?ref_src=twsrc%5Etfw\">Tweets by Ramirodice1<\/a><script async src=\"https:\/\/platform.twitter.com\/widgets.js\" charset=\"utf-8\"><\/script><br \/>\n\t\t\t\t\t<\/a><br \/>\n\t\t\t<a href=\"https:\/\/twitter.com\/antoniocdte\" target=\"_blank\" role=\"button\" rel=\"noopener\"><br \/>\n\t\t\t\t\t\t <a class=\"twitter-timeline\" data-width=\"640\" data-height=\"960\" data-dnt=\"true\" href=\"https:\/\/twitter.com\/antoniocdte?ref_src=twsrc%5Etfw\">Tweets by antoniocdte<\/a><script async src=\"https:\/\/platform.twitter.com\/widgets.js\" charset=\"utf-8\"><\/script><br \/>\n\t\t\t\t\t<\/a><br \/>\n\t\t\t<a href=\"https:\/\/t.me\/ranpaldiceahora\" target=\"_blank\" role=\"button\" rel=\"noopener\"><br \/>\n\t\t\t\t\t\t Telegram: http:\/\/t.me\/ranpaldiceahora<br \/>\n\t\t\t\t\t<\/a><\/p>\n","protected":false},"excerpt":{"rendered":"<p>Est\u00e1 por verse si la ret\u00f3rica de Washington la ratifican con hechos que demuestren que<\/p>\n","protected":false},"author":2,"featured_media":0,"comment_status":"open","ping_status":"open","sticky":false,"template":"","format":"standard","meta":{"h5ap_radio_sources":[],"footnotes":""},"categories":[15],"tags":[18,30,315,117],"class_list":["post-3128","post","type-post","status-publish","format-standard","hentry","category-editorial","tag-coce","tag-editorial","tag-eln-58-anos","tag-gobierno"],"_links":{"self":[{"href":"https:\/\/ranpal.org\/index.php?rest_route=\/wp\/v2\/posts\/3128","targetHints":{"allow":["GET"]}}],"collection":[{"href":"https:\/\/ranpal.org\/index.php?rest_route=\/wp\/v2\/posts"}],"about":[{"href":"https:\/\/ranpal.org\/index.php?rest_route=\/wp\/v2\/types\/post"}],"author":[{"embeddable":true,"href":"https:\/\/ranpal.org\/index.php?rest_route=\/wp\/v2\/users\/2"}],"replies":[{"embeddable":true,"href":"https:\/\/ranpal.org\/index.php?rest_route=%2Fwp%2Fv2%2Fcomments&post=3128"}],"version-history":[{"count":22,"href":"https:\/\/ranpal.org\/index.php?rest_route=\/wp\/v2\/posts\/3128\/revisions"}],"predecessor-version":[{"id":3152,"href":"https:\/\/ranpal.org\/index.php?rest_route=\/wp\/v2\/posts\/3128\/revisions\/3152"}],"wp:attachment":[{"href":"https:\/\/ranpal.org\/index.php?rest_route=%2Fwp%2Fv2%2Fmedia&parent=3128"}],"wp:term":[{"taxonomy":"category","embeddable":true,"href":"https:\/\/ranpal.org\/index.php?rest_route=%2Fwp%2Fv2%2Fcategories&post=3128"},{"taxonomy":"post_tag","embeddable":true,"href":"https:\/\/ranpal.org\/index.php?rest_route=%2Fwp%2Fv2%2Ftags&post=3128"}],"curies":[{"name":"wp","href":"https:\/\/api.w.org\/{rel}","templated":true}]}}