{"id":3157,"date":"2022-08-17T16:31:54","date_gmt":"2022-08-17T16:31:54","guid":{"rendered":"https:\/\/ranpal.org\/?p=3157"},"modified":"2022-08-17T16:44:44","modified_gmt":"2022-08-17T16:44:44","slug":"esta-vez-pagaran-los-que-mas-tienen","status":"publish","type":"post","link":"https:\/\/ranpal.org\/?p=3157","title":{"rendered":"ESTA VEZ PAGAR\u00c1N LOS QUE M\u00c1S TIENEN"},"content":{"rendered":"<style>\/*! elementor - v3.7.1 - 15-08-2022 *\/\n.elementor-widget-image{text-align:center}.elementor-widget-image a{display:inline-block}.elementor-widget-image a img[src$=\".svg\"]{width:48px}.elementor-widget-image img{vertical-align:middle;display:inline-block}<\/style>\n<figure>\n\t\t\t\t\t\t\t\t\t\t\t<a href=\"https:\/\/eln-voces.net\/esta-vez-pagaran-los-que-mas-tienen\/\" target=\"_blank\" rel=\"noopener\"><br \/>\n\t\t\t\t\t\t\t<img decoding=\"async\" src=\"https:\/\/ranpal.org\/Biblioteca\/elementor\/thumbs\/ESTA-VEZ-PAGARAN-MAS-IMPUESTOS-ptelqroegiq1w2ftdkqsoobyyr8dzanhuf4ufwbsao.jpg\" title=\"ESTA VEZ PAGAR\u00c1N M\u00c1S IMPUESTOS\" alt=\"ESTA VEZ PAGAR\u00c1N M\u00c1S IMPUESTOS\" \/>\t\t\t\t\t\t\t\t<\/a><figcaption>Superar la crisis econ\u00f3mica implica Reformas estructurales a los sistemas fiscal, tributario y productivo. La pol\u00edtica econ\u00f3mica del pa\u00eds debe estar fundada en favorecer a todos los colombianos, en especial en subsidiar capas bajas de la sociedad, para lo cual es indispensable mejorar la capacidad de poder adquisitivo per c\u00e1pita.<\/figcaption><\/figure>\n<p><b><br \/>\nE<\/b>scrito por Chavela Villamil para la Revista semanal Insurrecci\u00f3n n\u00famero 856 del Ej\u00e9rcito de Liberaci\u00f3n Nacional (<b>ELN<\/b>) de Colombia y publicado el lunes 15 de agosto en el portal<b>&nbsp;<a href=\"http:\/\/ww.eln-voces.net\" target=\"_blank\" style=\"font-family: var( --e-global-typography-text-font-family ), Sans-serif; background-color: rgb(255, 255, 255); letter-spacing: 0px;\" rel=\"noopener\">www.eln-voces.net<\/a><\/b><\/p>\n<p><b>D\u00e9cadas de favorecimiento tributario a las mega empresas y la asfixia de los colombianos a trav\u00e9s de impuestos volvieron insostenible la situaci\u00f3n fiscal de pa\u00eds, esta carga tributaria solo buscaba sostener los privilegios de unos pocos; la nueva Reforma Tributaria promete ser redistributiva y equitativa, \u00bfser\u00e1 posible?<\/b><\/p>\n<p><b>Ranpal \u00abComunicamos para vencer\u00bb.<br \/>Bogot\u00e1 mi\u00e9rcoles 17 agosto 2022.<\/b><\/p>\n<p>\t\t\t<iframe src=\"https:\/\/www.ivoox.com\/player_ej_91227144_6_1.html?c1=ff1414\" width=\"100%\" height=\"200\" frameborder=\"0\" allowfullscreen=\"\" scrolling=\"no\" loading=\"lazy\"><\/iframe><br \/>\n\t\t\t<a href=\"https:\/\/twitter.com\/Ramirodice1\" target=\"_blank\" role=\"button\" rel=\"noopener\"><br \/>\n\t\t\t\t\t\t <a class=\"twitter-timeline\" data-width=\"640\" data-height=\"960\" data-dnt=\"true\" href=\"https:\/\/twitter.com\/Ramirodice1?ref_src=twsrc%5Etfw\">Tweets by Ramirodice1<\/a><script async src=\"https:\/\/platform.twitter.com\/widgets.js\" charset=\"utf-8\"><\/script><br \/>\n\t\t\t\t\t<\/a><br \/>\n\t\t\t<a href=\"https:\/\/twitter.com\/antoniocdte\" target=\"_blank\" role=\"button\" rel=\"noopener\"><br \/>\n\t\t\t\t\t\t <a class=\"twitter-timeline\" data-width=\"640\" data-height=\"960\" data-dnt=\"true\" href=\"https:\/\/twitter.com\/antoniocdte?ref_src=twsrc%5Etfw\">Tweets by antoniocdte<\/a><script async src=\"https:\/\/platform.twitter.com\/widgets.js\" charset=\"utf-8\"><\/script><br \/>\n\t\t\t\t\t<\/a><br \/>\n\t\t\t<a href=\"https:\/\/t.me\/ranpaldiceahora\" target=\"_blank\" role=\"button\" rel=\"noopener\"><br \/>\n\t\t\t\t\t\t Telegram: http:\/\/t.me\/ranpaldiceahora<br \/>\n\t\t\t\t\t<\/a><\/p>\n","protected":false},"excerpt":{"rendered":"<p>Superar la crisis econ\u00f3mica implica Reformas estructurales a los sistemas fiscal, tributario y productivo. La<\/p>\n","protected":false},"author":2,"featured_media":0,"comment_status":"open","ping_status":"open","sticky":false,"template":"","format":"standard","meta":{"h5ap_radio_sources":[],"footnotes":""},"categories":[21],"tags":[117,339,105],"class_list":["post-3157","post","type-post","status-publish","format-standard","hentry","category-ranpal-org","tag-gobierno","tag-impuestos","tag-tributaria"],"_links":{"self":[{"href":"https:\/\/ranpal.org\/index.php?rest_route=\/wp\/v2\/posts\/3157","targetHints":{"allow":["GET"]}}],"collection":[{"href":"https:\/\/ranpal.org\/index.php?rest_route=\/wp\/v2\/posts"}],"about":[{"href":"https:\/\/ranpal.org\/index.php?rest_route=\/wp\/v2\/types\/post"}],"author":[{"embeddable":true,"href":"https:\/\/ranpal.org\/index.php?rest_route=\/wp\/v2\/users\/2"}],"replies":[{"embeddable":true,"href":"https:\/\/ranpal.org\/index.php?rest_route=%2Fwp%2Fv2%2Fcomments&post=3157"}],"version-history":[{"count":22,"href":"https:\/\/ranpal.org\/index.php?rest_route=\/wp\/v2\/posts\/3157\/revisions"}],"predecessor-version":[{"id":3180,"href":"https:\/\/ranpal.org\/index.php?rest_route=\/wp\/v2\/posts\/3157\/revisions\/3180"}],"wp:attachment":[{"href":"https:\/\/ranpal.org\/index.php?rest_route=%2Fwp%2Fv2%2Fmedia&parent=3157"}],"wp:term":[{"taxonomy":"category","embeddable":true,"href":"https:\/\/ranpal.org\/index.php?rest_route=%2Fwp%2Fv2%2Fcategories&post=3157"},{"taxonomy":"post_tag","embeddable":true,"href":"https:\/\/ranpal.org\/index.php?rest_route=%2Fwp%2Fv2%2Ftags&post=3157"}],"curies":[{"name":"wp","href":"https:\/\/api.w.org\/{rel}","templated":true}]}}