{"id":320,"date":"2021-08-31T18:49:38","date_gmt":"2021-08-31T18:49:38","guid":{"rendered":"https:\/\/ranpal.org\/?p=320"},"modified":"2021-09-01T13:39:04","modified_gmt":"2021-09-01T13:39:04","slug":"asesinato-de-esteban-un-crimen-de-estado","status":"publish","type":"post","link":"https:\/\/ranpal.org\/?p=320","title":{"rendered":"ASESINATO DE ESTEBAN UN CRIMEN DE ESTADO"},"content":{"rendered":"<p><img loading=\"lazy\" decoding=\"async\" id=\"main-image\" class=\"aligncenter\" src=\"https:\/\/i.postimg.cc\/9fBdxFDf\/ASESINATO-MOSQUERA-CR-MEN-DE-ESTADO.jpg\" width=\"570\" height=\"448\" \/><\/p>\n<p><strong>S<\/strong>\u00edntesis de las principales tendencias en redes virtuales durante la semana anterior en Colombia, escrito por Javier Mauricio Galvis Flores para la Revista semanal Insurrecci\u00f3n n\u00famero 806 del Ej\u00e9rcito de Liberaci\u00f3n Nacional (ELN) y publicada en el portal <a href=\"http:\/\/www.eln-voces.net\">http:\/\/www.eln-voces.net<\/a><\/p>\n<p>El vil asesinato del l\u00edder estudiantil <strong>Esteban Moquera<\/strong> sreitera la pr\u00e1ctica genocida del r\u00e9gimen tir\u00e1nico de eliminar a sus opositores y masacrar comunidades con impunidad total, calamidad que sufre Colombia a causa del NarcoEstado y que es registrada con objetividad por la Serie Matarife.<\/p>\n<p><strong>Ranpal \u201cComunicaci\u00f3n para la emancipaci\u00f3n y unidad popular\u201d.<\/strong><br \/>\n<strong>Bogot\u00e1 martes 31 agosto 2021.<\/strong><\/p>\n<p><strong>Oir y descargar audio en <a href=\"https:\/\/go.ivoox.com\/rf\/74811605\">https:\/\/go.ivoox.com\/rf\/74811605<\/a><\/strong><\/p>\n<p><strong>S\u00edganos en <img loading=\"lazy\" decoding=\"async\" class=\"r-4qtqp9 r-dflpy8 r-sjv1od r-zw8f10 r-10akycc r-h9hxbl lazyloaded\" title=\"Dorso de la mano con el dedo \u00edndice se\u00f1alando hacia abajo\" draggable=\"false\" src=\"https:\/\/abs-0.twimg.com\/emoji\/v2\/svg\/1f447-1f3fd.svg\" alt=\"Dorso de la mano con el dedo \u00edndice se\u00f1alando hacia abajo\" width=\"54\" height=\"54\" data-src=\"https:\/\/abs-0.twimg.com\/emoji\/v2\/svg\/1f447-1f3fd.svg\" \/><\/strong><\/p>\n<p><a href=\"https:\/\/www.facebook.com\/ranpal.patrialibre\/\"><strong>https:\/\/www.facebook.com\/ranpal.patrialibre\/<\/strong><\/a><\/p>\n<p><strong><a href=\"https:\/\/twitter.com\/Ranpalino1\"><img loading=\"lazy\" decoding=\"async\" class=\"css-9pa8cd lazyloaded\" draggable=\"true\" src=\"https:\/\/pbs.twimg.com\/profile_images\/1423823338338717696\/T0g-uXaD_400x400.jpg\" alt=\"Imagen\" width=\"30\" height=\"30\" data-src=\"https:\/\/pbs.twimg.com\/profile_images\/1423823338338717696\/T0g-uXaD_400x400.jpg\" \/>https:\/\/twitter.com\/@Ranpalino1<\/a><\/strong><\/p>\n<div class=\"css-1dbjc4n r-18u37iz\" data-testid=\"tweet\">\n<div class=\"css-1dbjc4n r-1awozwy r-1hwvwag r-18kxxzh r-1b7u577\">\n<div class=\"css-1dbjc4n r-18kxxzh r-1wbh5a2 r-13qz1uu\">\n<div class=\"css-1dbjc4n r-1wbh5a2 r-dnmrzs\">\n<div class=\"css-1dbjc4n r-sdzlij r-1adg3ll r-1udh08x\">\n<div class=\"r-1p0dtai r-1pi2tsx r-1d2f490 r-u8s1d r-ipm5af r-13qz1uu\">\n<div class=\"css-901oao css-bfa6kz r-14j79pv r-18u37iz r-37j5jr r-a023e6 r-16dba41 r-rjixqe r-bcqeeo r-qvutc0\" dir=\"ltr\">\n<div class=\"css-1dbjc4n r-1niwhzg r-vvn4in r-u6sd8q r-4gszlv r-1p0dtai r-1pi2tsx r-1d2f490 r-u8s1d r-zchlnj r-ipm5af r-13qz1uu r-1wyyakw\"><\/div>\n<p><img decoding=\"async\" class=\"css-9pa8cd\" draggable=\"true\" src=\"https:\/\/pbs.twimg.com\/profile_images\/1349867357716570117\/Mbz4D0z2_normal.jpg\" alt=\"\" \/><span class=\"css-901oao css-16my406 r-poiln3 r-bcqeeo r-qvutc0\">Paola Herrera@PaoHerreraC<\/span><\/p>\n<\/div>\n<\/div>\n<\/div>\n<\/div>\n<\/div>\n<\/div>\n<div class=\"css-1dbjc4n r-1iusvr4 r-16y2uox r-1777fci r-kzbkwu\">\n<div class=\"css-1dbjc4n\">\n<div class=\"css-1dbjc4n\">\n<div id=\"id__f9ok3jff36k\" class=\"css-901oao r-18jsvk2 r-37j5jr r-a023e6 r-16dba41 r-rjixqe r-bcqeeo r-bnwqim r-qvutc0\" dir=\"auto\" lang=\"es\"><span class=\"css-901oao css-16my406 r-poiln3 r-bcqeeo r-qvutc0\">\u00bfPor qu\u00e9 en este pa\u00eds se protege tanto a los Char?. Ni con lo de Mintic, ni con los de los \u00e1rboles, ni con la Triple A, ni con lo grav\u00edsimo que denunci\u00f3 Aida Merlano, ni su cercan\u00eda con los Nule, ni nada de lo que se denuncia en contra de esa familia sirve, nadie los toca&#8230; <\/span><img decoding=\"async\" class=\"r-4qtqp9 r-dflpy8 r-sjv1od r-zw8f10 r-10akycc r-h9hxbl\" title=\"Mujer encogiendo los hombros\" draggable=\"false\" src=\"https:\/\/abs-0.twimg.com\/emoji\/v2\/72x72\/1f937-200d-2640-fe0f.png\" alt=\"Mujer encogiendo los hombros\" \/><img decoding=\"async\" class=\"r-4qtqp9 r-dflpy8 r-sjv1od r-zw8f10 r-10akycc r-h9hxbl\" title=\"Rostro pensativo\" draggable=\"false\" src=\"https:\/\/abs-0.twimg.com\/emoji\/v2\/72x72\/1f914.png\" alt=\"Rostro pensativo\" \/><\/div>\n<div dir=\"auto\" lang=\"es\">https:\/\/twitter.com\/i\/status\/1432759826623438848<\/div>\n<\/div>\n<\/div>\n<\/div>\n<\/div>\n<blockquote class=\"twitter-tweet\" data-width=\"550\" data-dnt=\"true\">\n<p lang=\"es\" dir=\"ltr\">Esto ocurri\u00f3 hoy en la brigada 30 del ej\u00e9rcito cuando un sargento retirado fue a exigir sus derechos a una atenci\u00f3n medica, fue maltratado por el mismo personal de la unidad, se les olvida que el pueblo paga sus salarios y el uniforme es prestado. <a href=\"https:\/\/twitter.com\/COMANDANTE_EJC?ref_src=twsrc%5Etfw\">@COMANDANTE_EJC<\/a> <a href=\"https:\/\/t.co\/xRJDTSXgsm\">pic.twitter.com\/xRJDTSXgsm<\/a><\/p>\n<p>&mdash; \ud83c\udde8\ud83c\uddf4SARGENTO DEL EJ\u00c9RCITO NACIONAL DE COLOMBIA\ud83c\udde8\ud83c\uddf4 (@SARGENTOCHALA) <a href=\"https:\/\/twitter.com\/SARGENTOCHALA\/status\/1432759826623438848?ref_src=twsrc%5Etfw\">August 31, 2021<\/a><\/p><\/blockquote>\n<p><script async src=\"https:\/\/platform.twitter.com\/widgets.js\" charset=\"utf-8\"><\/script><\/p>\n","protected":false},"excerpt":{"rendered":"<p>S\u00edntesis de las principales tendencias en redes virtuales durante la semana anterior en Colombia, escrito<\/p>\n","protected":false},"author":2,"featured_media":0,"comment_status":"open","ping_status":"open","sticky":false,"template":"","format":"standard","meta":{"h5ap_radio_sources":[],"footnotes":""},"categories":[21],"tags":[82,84,83],"class_list":["post-320","post","type-post","status-publish","format-standard","hentry","category-ranpal-org","tag-crimen-de-estado","tag-jovenes","tag-popayan"],"_links":{"self":[{"href":"https:\/\/ranpal.org\/index.php?rest_route=\/wp\/v2\/posts\/320","targetHints":{"allow":["GET"]}}],"collection":[{"href":"https:\/\/ranpal.org\/index.php?rest_route=\/wp\/v2\/posts"}],"about":[{"href":"https:\/\/ranpal.org\/index.php?rest_route=\/wp\/v2\/types\/post"}],"author":[{"embeddable":true,"href":"https:\/\/ranpal.org\/index.php?rest_route=\/wp\/v2\/users\/2"}],"replies":[{"embeddable":true,"href":"https:\/\/ranpal.org\/index.php?rest_route=%2Fwp%2Fv2%2Fcomments&post=320"}],"version-history":[{"count":6,"href":"https:\/\/ranpal.org\/index.php?rest_route=\/wp\/v2\/posts\/320\/revisions"}],"predecessor-version":[{"id":326,"href":"https:\/\/ranpal.org\/index.php?rest_route=\/wp\/v2\/posts\/320\/revisions\/326"}],"wp:attachment":[{"href":"https:\/\/ranpal.org\/index.php?rest_route=%2Fwp%2Fv2%2Fmedia&parent=320"}],"wp:term":[{"taxonomy":"category","embeddable":true,"href":"https:\/\/ranpal.org\/index.php?rest_route=%2Fwp%2Fv2%2Fcategories&post=320"},{"taxonomy":"post_tag","embeddable":true,"href":"https:\/\/ranpal.org\/index.php?rest_route=%2Fwp%2Fv2%2Ftags&post=320"}],"curies":[{"name":"wp","href":"https:\/\/api.w.org\/{rel}","templated":true}]}}