{"id":327,"date":"2021-09-01T18:54:53","date_gmt":"2021-09-01T18:54:53","guid":{"rendered":"https:\/\/ranpal.org\/?p=327"},"modified":"2021-09-01T19:12:43","modified_gmt":"2021-09-01T19:12:43","slug":"comunicado-publico-fgun-camilo-torrres-eln","status":"publish","type":"post","link":"https:\/\/ranpal.org\/?p=327","title":{"rendered":"COMUNICADO P\u00daBLICO FGUN CAMILO TORRRES ELN"},"content":{"rendered":"<p><img loading=\"lazy\" decoding=\"async\" class=\"aligncenter\" src=\"https:\/\/scontent-mia3-2.xx.fbcdn.net\/v\/t1.6435-9\/240452434_181676950733466_4231646998498931367_n.jpg?_nc_cat=109&amp;ccb=1-5&amp;_nc_sid=730e14&amp;_nc_eui2=AeHz3b_LMzVrpocwITc5Ax8HCt52ha9sUEgK3naFr2xQSAmGvpXbtVFjWvCVR9ODMnTIhEXAFXyFY_6Wo-sG5s4r&amp;_nc_ohc=_A5EL-FvGDEAX95w-zi&amp;_nc_ht=scontent-mia3-2.xx&amp;oh=36492bccd862c865bb7d83bd82422c7d&amp;oe=6153676D\" width=\"324\" height=\"216\" \/><strong>E<\/strong>l Frente de Guerra Urbano Nacional Comandante en Jefe Camilo Torres Restrepo del ELN en Colombia en comunicado p\u00fablico conocido este 31 de agosto en el Portal\u00a0<a href=\"http:\/\/www.insurgenciaurbana-eln.net\">http:\/\/www.insurgenciaurbana-eln.net<\/a> anuncia que:<\/p>\n<p><strong>\u00abEs pol\u00edtica del ELN asumir p\u00fablicamente las acciones que realizamos<\/strong>, en ese sentido informamos que en el marco de operaciones desplegadas para aplicar castigo popular a las fuerzas del Estado, unidades urbanas atacamos la Estaci\u00f3n Atalaya de la militarizada polic\u00eda nacional en la ciudad de C\u00facuta.<\/p>\n<p><strong>Llamamos a los miembros de los distintos cuerpos policiales y militares a que cesen el abuso contra la poblaci\u00f3n;<\/strong> ustedes son hijos del mismo pueblo al que hoy asesinan por reclamar que se eliminen leyes que a ustedes y a sus familias tambi\u00e9n les perjudican. Antes que seguir masacrando el futuro del pa\u00eds,<strong> renuncien, deserten, \u00fananse a la lucha\u00bb.<\/strong><\/p>\n<p><strong>Ranpal \u00abComunicamos para vencer\u00bb.<\/strong><br \/>\n<strong>Bogot\u00e1 mi\u00e9rcoles 01 septiembre 2021.<\/strong><\/p>\n<p><img loading=\"lazy\" decoding=\"async\" class=\"aligncenter\" src=\"https:\/\/scontent-mia3-1.xx.fbcdn.net\/v\/t1.6435-9\/p720x720\/240864132_181677347400093_7047120736024298682_n.jpg?_nc_cat=104&amp;ccb=1-5&amp;_nc_sid=730e14&amp;_nc_eui2=AeHEzry4zBy-nP4y9ztSm8rWyKxX8yPABebIrFfzI8AF5kUJ-Wdn110qcBwb8W-laqjyMPIU2i1mObxJCqd13LHB&amp;_nc_ohc=zkzh_vBg7IYAX_g3Y8k&amp;_nc_ht=scontent-mia3-1.xx&amp;oh=e3876d38736b82af7590a1cad0ce374b&amp;oe=615461AF\" width=\"149\" height=\"193\" \/><\/p>\n<p><strong>Oir y descargar audio en\u00a0<a href=\"https:\/\/go.ivoox.com\/rf\/74895465\">https:\/\/go.ivoox.com\/rf\/74895465<\/a><\/strong><\/p>\n<p><strong>S\u00edganos en\u00a0<img loading=\"lazy\" decoding=\"async\" class=\"r-4qtqp9 r-dflpy8 r-sjv1od r-zw8f10 r-10akycc r-h9hxbl lazyloaded\" title=\"Dorso de la mano con el dedo \u00edndice se\u00f1alando hacia abajo\" draggable=\"false\" src=\"https:\/\/abs-0.twimg.com\/emoji\/v2\/svg\/1f447-1f3fd.svg\" alt=\"Dorso de la mano con el dedo \u00edndice se\u00f1alando hacia abajo\" width=\"76\" height=\"76\" data-src=\"https:\/\/abs-0.twimg.com\/emoji\/v2\/svg\/1f447-1f3fd.svg\" \/><\/strong><\/p>\n<p><a href=\"https:\/\/www.facebook.com\/ranpal.patrialibre\/\"><strong>https:\/\/www.facebook.com\/ranpal.patrialibre\/<\/strong><\/a><\/p>\n<p><strong><a href=\"https:\/\/twitter.com\/Ranpalino1\"><img loading=\"lazy\" decoding=\"async\" class=\"css-9pa8cd lazyloaded\" draggable=\"true\" src=\"https:\/\/pbs.twimg.com\/profile_images\/1423823338338717696\/T0g-uXaD_400x400.jpg\" alt=\"Imagen\" width=\"30\" height=\"30\" data-src=\"https:\/\/pbs.twimg.com\/profile_images\/1423823338338717696\/T0g-uXaD_400x400.jpg\" \/>https:\/\/twitter.com\/<span class=\"atwho-query\">@Ranpalino1<\/span><\/a><\/strong><\/p>\n<p><img decoding=\"async\" class=\"css-9pa8cd\" style=\"font-style: inherit; font-weight: inherit;\" draggable=\"true\" src=\"https:\/\/pbs.twimg.com\/profile_images\/1406392919985115138\/Buhk6PU1_bigger.jpg\" alt=\"\" \/><span style=\"font-size: 16px;\">Alirio Uribe Mu\u00f1oz<\/span><span style=\"font-size: 16px;\">@AlirioUribeMuoz\u00a0 \u00a0 \u00a0<\/span><\/p>\n<div class=\"css-1dbjc4n r-1iusvr4 r-16y2uox r-1777fci r-kzbkwu\">\n<div class=\"css-1dbjc4n\">\n<div class=\"css-1dbjc4n\">\n<div id=\"id__u5quuuywsdc\" class=\"css-901oao r-18jsvk2 r-37j5jr r-a023e6 r-16dba41 r-rjixqe r-bcqeeo r-bnwqim r-qvutc0\" dir=\"auto\" lang=\"es\"><span class=\"r-18u37iz\"><a class=\"css-4rbku5 css-18t94o4 css-901oao css-16my406 r-1n1174f r-1loqt21 r-poiln3 r-b88u0q r-bcqeeo r-qvutc0\" dir=\"ltr\" role=\"link\" href=\"https:\/\/twitter.com\/hashtag\/LosExpresidentesSon?src=hashtag_click\">#LosExpresidentesSon<\/a><\/span><span class=\"css-901oao css-16my406 r-poiln3 r-bcqeeo r-qvutc0\"> los m\u00e1ximos responsables de la crisis social y pol\u00edtica en Colombia. Permitieron m\u00e1s de 9 millones de v\u00edctimas, asesinados, desaparecidos, desplazados.\u00a0<\/span><\/div>\n<div dir=\"auto\" lang=\"es\"><img loading=\"lazy\" decoding=\"async\" class=\"\" src=\"https:\/\/pbs.twimg.com\/media\/E-MhCQjXoAETGGm?format=jpg&amp;name=small\" alt=\"Imagen\" width=\"191\" height=\"120\" \/><\/div>\n<div dir=\"auto\" lang=\"es\">\n<div class=\"css-1dbjc4n r-1awozwy r-1hwvwag r-18kxxzh r-1b7u577\">\n<div class=\"css-1dbjc4n r-18kxxzh r-1wbh5a2 r-13qz1uu\">\n<div class=\"css-1dbjc4n r-1wbh5a2 r-dnmrzs\">\n<div class=\"css-1dbjc4n r-sdzlij r-1adg3ll r-1udh08x\">\n<div class=\"r-1adg3ll r-13qz1uu\"><\/div>\n<div class=\"r-1p0dtai r-1pi2tsx r-1d2f490 r-u8s1d r-ipm5af r-13qz1uu\">\n<div class=\"css-1dbjc4n r-sdzlij r-1p0dtai r-1mlwlqe r-1d2f490 r-1udh08x r-u8s1d r-zchlnj r-ipm5af r-417010\" aria-label=\"\"><img decoding=\"async\" class=\"css-9pa8cd\" draggable=\"true\" src=\"https:\/\/pbs.twimg.com\/profile_images\/1426661887169662984\/iXZDHIXq_bigger.jpg\" alt=\"\" \/><span style=\"font-size: 16px;\">Sandra Ram\u00edrez<\/span><span style=\"font-size: 16px;\">@SandraComunes<\/span><\/div>\n<\/div>\n<\/div>\n<\/div>\n<\/div>\n<\/div>\n<div class=\"css-1dbjc4n r-1iusvr4 r-16y2uox r-1777fci r-kzbkwu\">\n<div class=\"css-1dbjc4n\">\n<div class=\"css-1dbjc4n r-zl2h9q\">\n<div class=\"css-1dbjc4n r-k4xj1c r-18u37iz r-1wtj0ep\">\n<div class=\"css-1dbjc4n r-1d09ksm r-18u37iz r-1wbh5a2\">\n<div class=\"css-901oao r-14j79pv r-1q142lx r-37j5jr r-a023e6 r-16dba41 r-rjixqe r-bcqeeo r-s1qlax r-qvutc0\" dir=\"auto\" aria-hidden=\"true\"><span class=\"css-901oao css-16my406 r-poiln3 r-bcqeeo r-qvutc0\" style=\"font-size: 16px;\">Pulso pa\u00eds revela la \u00faltima encuesta realizada por Datexco, el Presidente Duque cada vez m\u00e1s para abajo: Imagen 71% de desaprobaci\u00f3n y desaprobaci\u00f3n de su mandato 77%, \u00bfen serio van a seguir diciendo que todo est\u00e1 bien? <\/span><span class=\"r-18u37iz\" style=\"font-size: 16px;\"><a class=\"css-4rbku5 css-18t94o4 css-901oao css-16my406 r-1n1174f r-1loqt21 r-poiln3 r-b88u0q r-bcqeeo r-qvutc0\" dir=\"ltr\" role=\"link\" href=\"https:\/\/twitter.com\/hashtag\/ColombiaPulso?src=hashtag_click\">#ColombiaPulso<\/a><\/span><\/div>\n<div dir=\"auto\" aria-hidden=\"true\"><img loading=\"lazy\" decoding=\"async\" class=\"\" src=\"https:\/\/pbs.twimg.com\/media\/E-OII05XsAY5jeI?format=jpg&amp;name=900x900\" alt=\"Imagen\" width=\"332\" height=\"250\" \/><\/div>\n<\/div>\n<\/div>\n<\/div>\n<\/div>\n<\/div>\n<\/div>\n<\/div>\n<\/div>\n<\/div>\n","protected":false},"excerpt":{"rendered":"<p>El Frente de Guerra Urbano Nacional Comandante en Jefe Camilo Torres Restrepo del ELN en<\/p>\n","protected":false},"author":2,"featured_media":0,"comment_status":"open","ping_status":"open","sticky":false,"template":"","format":"standard","meta":{"h5ap_radio_sources":[],"footnotes":""},"categories":[21],"tags":[89,90,88,87],"class_list":["post-327","post","type-post","status-publish","format-standard","hentry","category-ranpal-org","tag-comunicado","tag-cucuta","tag-guerrilla","tag-urbano"],"_links":{"self":[{"href":"https:\/\/ranpal.org\/index.php?rest_route=\/wp\/v2\/posts\/327","targetHints":{"allow":["GET"]}}],"collection":[{"href":"https:\/\/ranpal.org\/index.php?rest_route=\/wp\/v2\/posts"}],"about":[{"href":"https:\/\/ranpal.org\/index.php?rest_route=\/wp\/v2\/types\/post"}],"author":[{"embeddable":true,"href":"https:\/\/ranpal.org\/index.php?rest_route=\/wp\/v2\/users\/2"}],"replies":[{"embeddable":true,"href":"https:\/\/ranpal.org\/index.php?rest_route=%2Fwp%2Fv2%2Fcomments&post=327"}],"version-history":[{"count":9,"href":"https:\/\/ranpal.org\/index.php?rest_route=\/wp\/v2\/posts\/327\/revisions"}],"predecessor-version":[{"id":337,"href":"https:\/\/ranpal.org\/index.php?rest_route=\/wp\/v2\/posts\/327\/revisions\/337"}],"wp:attachment":[{"href":"https:\/\/ranpal.org\/index.php?rest_route=%2Fwp%2Fv2%2Fmedia&parent=327"}],"wp:term":[{"taxonomy":"category","embeddable":true,"href":"https:\/\/ranpal.org\/index.php?rest_route=%2Fwp%2Fv2%2Fcategories&post=327"},{"taxonomy":"post_tag","embeddable":true,"href":"https:\/\/ranpal.org\/index.php?rest_route=%2Fwp%2Fv2%2Ftags&post=327"}],"curies":[{"name":"wp","href":"https:\/\/api.w.org\/{rel}","templated":true}]}}