{"id":3561,"date":"2022-10-04T22:56:05","date_gmt":"2022-10-04T22:56:05","guid":{"rendered":"https:\/\/ranpal.org\/?p=3561"},"modified":"2022-10-05T13:14:04","modified_gmt":"2022-10-05T13:14:04","slug":"atencion-comunicado-delegados-del-gobierno-colombiano-y-del-eln","status":"publish","type":"post","link":"https:\/\/ranpal.org\/?p=3561","title":{"rendered":"ATENCI\u00d3N. COMUNICADO DELEGADOS DEL GOBIERNO COLOMBIANO Y DEL ELN"},"content":{"rendered":"<style>\/*! elementor - v3.7.6 - 20-09-2022 *\/\n.elementor-widget-image{text-align:center}.elementor-widget-image a{display:inline-block}.elementor-widget-image a img[src$=\".svg\"]{width:48px}.elementor-widget-image img{vertical-align:middle;display:inline-block}<\/style>\n<figure>\n\t\t\t\t\t\t\t\t\t\t\t<a href=\"https:\/\/www.telesurtv.net\/news\/garantes-aplauden-reanudacion-mesa-dialogo-colombia-20221005-0001.html\" target=\"_blank\" rel=\"noopener\"><br \/>\n\t\t\t\t\t\t\t<img decoding=\"async\" src=\"https:\/\/ranpal.org\/Biblioteca\/elementor\/thumbs\/COMUNICADO-GOBIERNO-PETRO-Y-ELN-CARACAS-pvqm87ci1b77ho2v9obn6bp5zmhwtdeinhlyzaqkg0.jpg\" title=\"COMUNICADO GOBIERNO PETRO Y ELN CARACAS\" alt=\"COMUNICADO GOBIERNO PETRO Y ELN CARACAS\" \/>\t\t\t\t\t\t\t\t<\/a><figcaption>Los delegados del Gobierno colombiano y el Ej\u00e9rcito de Liberaci\u00f3n Nacional (ELN) se encontraron en Caracas para firmar un documento en donde logran varios acuerdos, entre los cuales se comprometen a reanudar los di\u00e1logos en la primera semana de noviembre.<\/figcaption><\/figure>\n<p>\t\tLes compartimos aqu\u00ed el comunicado oficial que los delegados del gobierno colombiano, encabezados por el Comisionado de Paz Ivan Danilo Rueda y los Delegados del Ej\u00e9rcito de liberaci\u00f3n Nacional (ELN) firmaron este martes 4 de octubre en Caracas sobre varios puntos de acuerdo; esto bajo el acompa\u00f1amiento y garant\u00eda de Cuba, Noruega y Venezuela.<br \/>\nRanpal \u00abvoz y sentir del pueblo colombiano\u00bb.<br \/>\nBogot\u00e1 martes 04 de octubre 2022.<br \/>\n\t\t\t<iframe src=\"https:\/\/www.ivoox.com\/player_ej_93389696_6_1.html?c1=c8392c\" width=\"100%\" height=\"200\" frameborder=\"0\" allowfullscreen=\"\" scrolling=\"no\" loading=\"lazy\"><\/iframe><br \/>\n\t\t\t<a href=\"https:\/\/twitter.com\/Ramirodice1\" target=\"_blank\" role=\"button\" rel=\"noopener\"><br \/>\n\t\t\t\t\t\t <a class=\"twitter-timeline\" data-width=\"640\" data-height=\"960\" data-dnt=\"true\" href=\"https:\/\/twitter.com\/Ramirodice1?ref_src=twsrc%5Etfw\">Tweets by Ramirodice1<\/a><script async src=\"https:\/\/platform.twitter.com\/widgets.js\" charset=\"utf-8\"><\/script><br \/>\n\t\t\t\t\t<\/a><br \/>\n\t\t\t<a href=\"https:\/\/twitter.com\/antonioGcdte\" target=\"_blank\" role=\"button\" rel=\"noopener\"><br \/>\n\t\t\t\t\t\t Twitter.com\/antonioGcdte<br \/>\n\t\t\t\t\t<\/a><br \/>\n\t\t\t<a href=\"https:\/\/t.me\/ranpaldiceahora\" target=\"_blank\" role=\"button\" rel=\"noopener\"><br \/>\n\t\t\t\t\t\t Telegram: http:\/\/t.me\/ranpaldiceahora<br \/>\n\t\t\t\t\t<\/a><\/p>\n","protected":false},"excerpt":{"rendered":"<p>Los delegados del Gobierno colombiano y el Ej\u00e9rcito de Liberaci\u00f3n Nacional (ELN) se encontraron en<\/p>\n","protected":false},"author":2,"featured_media":0,"comment_status":"open","ping_status":"open","sticky":false,"template":"","format":"standard","meta":{"h5ap_radio_sources":[],"footnotes":""},"categories":[21],"tags":[348,117,138],"class_list":["post-3561","post","type-post","status-publish","format-standard","hentry","category-ranpal-org","tag-caracas-comunicado","tag-gobierno","tag-paz"],"_links":{"self":[{"href":"https:\/\/ranpal.org\/index.php?rest_route=\/wp\/v2\/posts\/3561","targetHints":{"allow":["GET"]}}],"collection":[{"href":"https:\/\/ranpal.org\/index.php?rest_route=\/wp\/v2\/posts"}],"about":[{"href":"https:\/\/ranpal.org\/index.php?rest_route=\/wp\/v2\/types\/post"}],"author":[{"embeddable":true,"href":"https:\/\/ranpal.org\/index.php?rest_route=\/wp\/v2\/users\/2"}],"replies":[{"embeddable":true,"href":"https:\/\/ranpal.org\/index.php?rest_route=%2Fwp%2Fv2%2Fcomments&post=3561"}],"version-history":[{"count":23,"href":"https:\/\/ranpal.org\/index.php?rest_route=\/wp\/v2\/posts\/3561\/revisions"}],"predecessor-version":[{"id":3588,"href":"https:\/\/ranpal.org\/index.php?rest_route=\/wp\/v2\/posts\/3561\/revisions\/3588"}],"wp:attachment":[{"href":"https:\/\/ranpal.org\/index.php?rest_route=%2Fwp%2Fv2%2Fmedia&parent=3561"}],"wp:term":[{"taxonomy":"category","embeddable":true,"href":"https:\/\/ranpal.org\/index.php?rest_route=%2Fwp%2Fv2%2Fcategories&post=3561"},{"taxonomy":"post_tag","embeddable":true,"href":"https:\/\/ranpal.org\/index.php?rest_route=%2Fwp%2Fv2%2Ftags&post=3561"}],"curies":[{"name":"wp","href":"https:\/\/api.w.org\/{rel}","templated":true}]}}