{"id":3610,"date":"2022-10-08T17:28:10","date_gmt":"2022-10-08T17:28:10","guid":{"rendered":"https:\/\/ranpal.org\/?p=3610"},"modified":"2022-10-08T18:10:56","modified_gmt":"2022-10-08T18:10:56","slug":"por-que-petro-apoya-el-guerrerismo-de-la-otan","status":"publish","type":"post","link":"https:\/\/ranpal.org\/?p=3610","title":{"rendered":"\u00bfPOR QU\u00c9 PETRO APOYA EL GUERRERISMO DE LA OT\u00c1N?"},"content":{"rendered":"<style>\/*! elementor - v3.7.6 - 20-09-2022 *\/\n.elementor-widget-image{text-align:center}.elementor-widget-image a{display:inline-block}.elementor-widget-image a img[src$=\".svg\"]{width:48px}.elementor-widget-image img{vertical-align:middle;display:inline-block}<\/style>\n<figure>\n\t\t\t\t\t\t\t\t\t\t\t<a href=\"https:\/\/ranpal.org\/por-que-petro-apoya-el-guerrerismo-de-la-otan\/\" target=\"_blank\" rel=\"noopener\"><br \/>\n\t\t\t\t\t\t\t<img decoding=\"async\" src=\"https:\/\/ranpal.org\/Biblioteca\/elementor\/thumbs\/NOTIRANPAL.POR-QUE-PETRO-APOYA-LA-OTAN-pvx6v8a2o93rdlpw52kmdktonlawxzcfwr3am3hreo-pvx7294nqopw4pim4lv9ib0og8ongk88jikwpj2uww.jpg\" title=\"NOTIRANPAL.POR-QUE-PETRO-APOYA-LA-OTAN-pvx6v8a2o93rdlpw52kmdktonlawxzcfwr3am3hreo\" alt=\"NOTIRANPAL.POR-QUE-PETRO-APOYA-LA-OTAN-pvx6v8a2o93rdlpw52kmdktonlawxzcfwr3am3hreo\" \/>\t\t\t\t\t\t\t\t<\/a><figcaption> Sectores populares  y sociales no entienden por qu\u00e9 el Presidente Progresista Petro condena a Rusia por su decidida defensa a su territorio y soberan\u00eda, mientras se hace al lado de quienes hacen parte de guerrerismo de la Ot\u00e1n en su invasi\u00f3n y genocidio contra los pueblos del Domb\u00e1s en Ucrania. \u00bfEsto es el progresismo de hoy?<\/figcaption><\/figure>\n<p><b>Otro episodio de Notiranpal, \u00abNoticias en Revoluci\u00f3n\u00bb,<\/b> presentado por H\u00e9ctor Daniel Useche y Jhon Jairo P\u00e9rez de Radio Nacional Patria. <b>Una manera de abordar los&nbsp;hechos noticiosos nacionales e internacionales con cr\u00edtica y an\u00e1lisis<\/b>. No se pierde la mirada sobre la matriz comunicacional actual de la derecha en Colombia y la Agenda elena.<\/p>\n<p><b>Ranpal \u00abcomunicaci\u00f3n para la emancipaci\u00f3n popular\u00bb.<br \/>\nBogot\u00e1 s\u00e1bado 08 octubre de 2022.<\/b><\/p>\n<p>\t\t\t<iframe src=\"https:\/\/www.ivoox.com\/player_ej_93613704_6_1.html?c1=c91b0f\" width=\"100%\" height=\"200\" frameborder=\"0\" allowfullscreen=\"\" scrolling=\"no\" loading=\"lazy\"><\/iframe><br \/>\n\t\t\t<a href=\"https:\/\/twitter.com\/Ramirodice1\" role=\"button\"><br \/>\n\t\t\t\t\t\t <a class=\"twitter-timeline\" data-width=\"640\" data-height=\"960\" data-dnt=\"true\" href=\"https:\/\/twitter.com\/Ramirodice1?ref_src=twsrc%5Etfw\">Tweets by Ramirodice1<\/a><script async src=\"https:\/\/platform.twitter.com\/widgets.js\" charset=\"utf-8\"><\/script><br \/>\n\t\t\t\t\t<\/a><br \/>\n\t\t\t<a href=\"https:\/\/twitter.com\/antonioGcdte\" target=\"_blank\" role=\"button\" rel=\"noopener\"><br \/>\n\t\t\t\t\t\t Twitter.com\/antonioGcdte<br \/>\n\t\t\t\t\t<\/a><br \/>\n\t\t\t<a href=\"https:\/\/t.me\/ranpaldiceahora\" target=\"_blank\" role=\"button\" rel=\"noopener\"><br \/>\n\t\t\t\t\t\t Telegram: http:\/\/t.me\/ranpaldiceahora<br \/>\n\t\t\t\t\t<\/a><\/p>\n","protected":false},"excerpt":{"rendered":"<p>Sectores populares y sociales no entienden por qu\u00e9 el Presidente Progresista Petro condena a Rusia<\/p>\n","protected":false},"author":2,"featured_media":0,"comment_status":"open","ping_status":"open","sticky":false,"template":"","format":"standard","meta":{"h5ap_radio_sources":[],"footnotes":""},"categories":[21],"tags":[133,351,320,325,296],"class_list":["post-3610","post","type-post","status-publish","format-standard","hentry","category-ranpal-org","tag-colombia","tag-guerrerismo","tag-noticias","tag-notiranpal","tag-petro"],"_links":{"self":[{"href":"https:\/\/ranpal.org\/index.php?rest_route=\/wp\/v2\/posts\/3610","targetHints":{"allow":["GET"]}}],"collection":[{"href":"https:\/\/ranpal.org\/index.php?rest_route=\/wp\/v2\/posts"}],"about":[{"href":"https:\/\/ranpal.org\/index.php?rest_route=\/wp\/v2\/types\/post"}],"author":[{"embeddable":true,"href":"https:\/\/ranpal.org\/index.php?rest_route=\/wp\/v2\/users\/2"}],"replies":[{"embeddable":true,"href":"https:\/\/ranpal.org\/index.php?rest_route=%2Fwp%2Fv2%2Fcomments&post=3610"}],"version-history":[{"count":22,"href":"https:\/\/ranpal.org\/index.php?rest_route=\/wp\/v2\/posts\/3610\/revisions"}],"predecessor-version":[{"id":3666,"href":"https:\/\/ranpal.org\/index.php?rest_route=\/wp\/v2\/posts\/3610\/revisions\/3666"}],"wp:attachment":[{"href":"https:\/\/ranpal.org\/index.php?rest_route=%2Fwp%2Fv2%2Fmedia&parent=3610"}],"wp:term":[{"taxonomy":"category","embeddable":true,"href":"https:\/\/ranpal.org\/index.php?rest_route=%2Fwp%2Fv2%2Fcategories&post=3610"},{"taxonomy":"post_tag","embeddable":true,"href":"https:\/\/ranpal.org\/index.php?rest_route=%2Fwp%2Fv2%2Ftags&post=3610"}],"curies":[{"name":"wp","href":"https:\/\/api.w.org\/{rel}","templated":true}]}}