{"id":3838,"date":"2022-10-21T01:51:10","date_gmt":"2022-10-21T01:51:10","guid":{"rendered":"https:\/\/ranpal.org\/?p=3838"},"modified":"2022-10-21T14:28:33","modified_gmt":"2022-10-21T14:28:33","slug":"la-crisis-humanitaria-continua","status":"publish","type":"post","link":"https:\/\/ranpal.org\/?p=3838","title":{"rendered":"LA CRISIS HUMANITARIA CONTIN\u00daA"},"content":{"rendered":"<style>\/*! elementor - v3.7.6 - 20-09-2022 *\/\n.elementor-widget-image{text-align:center}.elementor-widget-image a{display:inline-block}.elementor-widget-image a img[src$=\".svg\"]{width:48px}.elementor-widget-image img{vertical-align:middle;display:inline-block}<\/style>\n<figure>\n\t\t\t\t\t\t\t\t\t\t\t<a href=\"https:\/\/eln-voces.net\/la-crisis-humanitaria-continua\/\" target=\"_blank\" rel=\"noopener\"><br \/>\n\t\t\t\t\t\t\t<img decoding=\"async\" src=\"https:\/\/ranpal.org\/Biblioteca\/elementor\/thumbs\/wEB-CRISIS-HUMANITARIA-CONTINUA-pwiousfsoy7tv2cdiqy4tt0s1zd22aqwgkik6jwy68.jpg\" title=\"wEB CRISIS HUMANITARIA CONTIN\u00daA\" alt=\"wEB CRISIS HUMANITARIA CONTIN\u00daA\" \/>\t\t\t\t\t\t\t\t<\/a><figcaption>Pese a las intenciones del Gobierno, perduran las causas estructurales detonantes del Conflicto Armado: desigualdad en la posesi\u00f3n y el uso de la tierra, millones de hect\u00e1reas usurpadas a campesinos con terrorismo estatal y corrupci\u00f3n administrativa; megaproyectos extractivistas y de infraestructura que afectan bienes comunes.<\/figcaption><\/figure>\n<p><b>E<\/b>scrito por Himelada Ascanio para la <b>Revista semanal Insurrecci\u00f3n n\u00fameto 865 del Ej\u00e9rcito de Liberaci\u00f3n Nacional (ELN) <\/b>de Colombia y publicado el lunes 17 de octubre en el portal <b><a href=\"http:\/\/www.eln-voces.net\" target=\"_blank\" rel=\"noopener\">www.eln-voces.net<\/a><\/b><\/p>\n<p>El Centro de An\u00e1lisis de Datos (Delfos) de la Universidad del Externado present\u00f3 un Informe donde concluyen que <b>hay una leve reducci\u00f3n de homicidios, confrontaciones b\u00e9licas y desplazamiento forzado durante las primeras siete semanas<\/b> de posesi\u00f3n del Gobierno de Gustavo Petro y Francia M\u00e1rquez, en referencia al mismo periodo del a\u00f1o anterior.<\/p>\n<p><b>Ranpal \u00abComunicamos para vencer\u00bb.<br \/>\nBogot\u00e1 jueves 20 de octubre 2022.<\/b><\/p>\n<p>\t\t\t<iframe src=\"https:\/\/www.ivoox.com\/player_ej_94406512_6_1.html?c1=e73104\" width=\"100%\" height=\"200\" frameborder=\"0\" allowfullscreen=\"\" scrolling=\"no\" loading=\"lazy\"><\/iframe><br \/>\n\t\t\t<a href=\"https:\/\/twitter.com\/Ramirodice1\" target=\"_blank\" role=\"button\" rel=\"noopener\"><br \/>\n\t\t\t\t\t\t\t<a class=\"twitter-timeline\" data-width=\"640\" data-height=\"960\" data-dnt=\"true\" href=\"https:\/\/twitter.com\/Ramirodice1?ref_src=twsrc%5Etfw\">Tweets by Ramirodice1<\/a><script async src=\"https:\/\/platform.twitter.com\/widgets.js\" charset=\"utf-8\"><\/script><br \/>\n\t\t\t\t\t<\/a><br \/>\n\t\t\t<a href=\"https:\/\/twitter.com\/antonioGcdte\" target=\"_blank\" role=\"button\" rel=\"noopener\"><br \/>\n\t\t\t\t\t\t\tTwitter.com\/antonioGcdte<br \/>\n\t\t\t\t\t<\/a><br \/>\n\t\t\t<a href=\"https:\/\/t.me\/ranpaldiceahora\" target=\"_blank\" role=\"button\" rel=\"noopener\"><br \/>\n\t\t\t\t\t\t\tTelegram: http:\/\/t.me\/ranpaldiceahora<br \/>\n\t\t\t\t\t<\/a><\/p>\n","protected":false},"excerpt":{"rendered":"<p>Pese a las intenciones del Gobierno, perduran las causas estructurales detonantes del Conflicto Armado: desigualdad<\/p>\n","protected":false},"author":2,"featured_media":0,"comment_status":"open","ping_status":"open","sticky":false,"template":"","format":"standard","meta":{"h5ap_radio_sources":[],"footnotes":""},"categories":[21],"tags":[133,323,144,138],"class_list":["post-3838","post","type-post","status-publish","format-standard","hentry","category-ranpal-org","tag-colombia","tag-crisis","tag-masacres","tag-paz"],"_links":{"self":[{"href":"https:\/\/ranpal.org\/index.php?rest_route=\/wp\/v2\/posts\/3838","targetHints":{"allow":["GET"]}}],"collection":[{"href":"https:\/\/ranpal.org\/index.php?rest_route=\/wp\/v2\/posts"}],"about":[{"href":"https:\/\/ranpal.org\/index.php?rest_route=\/wp\/v2\/types\/post"}],"author":[{"embeddable":true,"href":"https:\/\/ranpal.org\/index.php?rest_route=\/wp\/v2\/users\/2"}],"replies":[{"embeddable":true,"href":"https:\/\/ranpal.org\/index.php?rest_route=%2Fwp%2Fv2%2Fcomments&post=3838"}],"version-history":[{"count":19,"href":"https:\/\/ranpal.org\/index.php?rest_route=\/wp\/v2\/posts\/3838\/revisions"}],"predecessor-version":[{"id":3860,"href":"https:\/\/ranpal.org\/index.php?rest_route=\/wp\/v2\/posts\/3838\/revisions\/3860"}],"wp:attachment":[{"href":"https:\/\/ranpal.org\/index.php?rest_route=%2Fwp%2Fv2%2Fmedia&parent=3838"}],"wp:term":[{"taxonomy":"category","embeddable":true,"href":"https:\/\/ranpal.org\/index.php?rest_route=%2Fwp%2Fv2%2Fcategories&post=3838"},{"taxonomy":"post_tag","embeddable":true,"href":"https:\/\/ranpal.org\/index.php?rest_route=%2Fwp%2Fv2%2Ftags&post=3838"}],"curies":[{"name":"wp","href":"https:\/\/api.w.org\/{rel}","templated":true}]}}