{"id":3861,"date":"2022-10-23T13:42:19","date_gmt":"2022-10-23T13:42:19","guid":{"rendered":"https:\/\/ranpal.org\/?p=3861"},"modified":"2022-10-23T14:55:53","modified_gmt":"2022-10-23T14:55:53","slug":"sin-carne-pa-la-sopa","status":"publish","type":"post","link":"https:\/\/ranpal.org\/?p=3861","title":{"rendered":"SIN CARNE PA\u2019 LA SOPA"},"content":{"rendered":"<style>\/*! elementor - v3.7.6 - 20-09-2022 *\/\n.elementor-widget-image{text-align:center}.elementor-widget-image a{display:inline-block}.elementor-widget-image a img[src$=\".svg\"]{width:48px}.elementor-widget-image img{vertical-align:middle;display:inline-block}<\/style>\n<figure>\n\t\t\t\t\t\t\t\t\t\t\t<a href=\"https:\/\/eln-voces.net\/sin-carne-pa-la-sopa\/\"><br \/>\n\t\t\t\t\t\t\t<img decoding=\"async\" src=\"https:\/\/ranpal.org\/Biblioteca\/2022\/10\/SIN-CARNE-PA-LA-SOPA-100x60.jpg\" title=\"SIN CARNE PA LA SOPA\" alt=\"SIN CARNE PA LA SOPA\" \/>\t\t\t\t\t\t\t\t<\/a><figcaption>Devolver el poder adquisitivo a las capas sociales menos favorecidas implica esfuerzos pol\u00edticos m\u00e1s all\u00e1 de invertir recursos en subsidios y ayudas humanitarias, resolver el pasivo social implica dignificar el empleo en t\u00e9rminos de cobertura, remuneraci\u00f3n justa, entre otros. Solo incentivando la producci\u00f3n nacional y fomentando la generaci\u00f3n de plazas laborales es posible reactivar la econom\u00eda y disminuir el Costo de Vida.<\/figcaption><\/figure>\n<p><b><br \/>\nE<\/b>scrito por Claudia Julieta Parra para la <b>Revista semanal Insurrecci\u00f3n n\u00famero 865 del Ej\u00e9rcito de Liberaci\u00f3n Nacional (ELN) de Colombia<\/b> y publicada el lunes 17 de octubre en el portal&nbsp;<a href=\"http:\/\/www.eln-voces.net\" target=\"_blank\" style=\"font-family: var( --e-global-typography-text-font-family ), Sans-serif; background-color: rgb(255, 255, 255); letter-spacing: 0px;\" rel=\"noopener\"><b>www.eln-voces.net<\/b><\/a><\/p>\n<p><b>La inflaci\u00f3n, la depreciaci\u00f3n del Peso, el incremento de las Tasas de Inter\u00e9s, entre otros, son fen\u00f3menos macroecon\u00f3micos con impacto directo en el Costo de Vida<\/b>, que en t\u00e9rminos pragm\u00e1ticos tienen una traducci\u00f3n simple: toca comer menos para que la plata alcance.<\/p>\n<p>Ranpal \u00abvoz y sentir del pueblo colombiano\u00bb.<br \/><b><br \/>\nBogot\u00e1 domingo 23 octubre 2022.<\/b><!-- Created with Elementor --><\/p>\n<p>\t\t\t<iframe src=\"https:\/\/www.ivoox.com\/player_ej_94519858_6_1.html?c1=fd0808\" width=\"100%\" height=\"200\" frameborder=\"0\" allowfullscreen=\"\" scrolling=\"no\" loading=\"lazy\"><\/iframe><br \/>\n\t\t\t<a href=\"https:\/\/twitter.com\/Ramirodice1\" target=\"_blank\" role=\"button\" rel=\"noopener\"><br \/>\n\t\t\t\t\t\t <a class=\"twitter-timeline\" data-width=\"640\" data-height=\"960\" data-dnt=\"true\" href=\"https:\/\/twitter.com\/Ramirodice1?ref_src=twsrc%5Etfw\">Tweets by Ramirodice1<\/a><script async src=\"https:\/\/platform.twitter.com\/widgets.js\" charset=\"utf-8\"><\/script><br \/>\n\t\t\t\t\t<\/a><br \/>\n\t\t\t<a href=\"https:\/\/twitter.com\/antonioGcdte\" target=\"_blank\" role=\"button\" rel=\"noopener\"><br \/>\n\t\t\t\t\t\t<a class=\"twitter-timeline\" data-width=\"640\" data-height=\"960\" data-dnt=\"true\" href=\"https:\/\/twitter.com\/antonioGcdte?ref_src=twsrc%5Etfw\">Tweets by antonioGcdte<\/a><script async src=\"https:\/\/platform.twitter.com\/widgets.js\" charset=\"utf-8\"><\/script><br \/>\n\t\t\t\t\t<\/a><br \/>\n\t\t\t<a href=\"https:\/\/t.me\/ranpaldiceahora\" target=\"_blank\" role=\"button\" rel=\"noopener\"><br \/>\n\t\t\t\t\t\t Telegram: http:\/\/t.me\/ranpaldiceahora<br \/>\n\t\t\t\t\t<\/a><\/p>\n","protected":false},"excerpt":{"rendered":"<p>Devolver el poder adquisitivo a las capas sociales menos favorecidas implica esfuerzos pol\u00edticos m\u00e1s all\u00e1<\/p>\n","protected":false},"author":2,"featured_media":0,"comment_status":"open","ping_status":"open","sticky":false,"template":"","format":"standard","meta":{"h5ap_radio_sources":[],"footnotes":""},"categories":[21],"tags":[364,133,7,363],"class_list":["post-3861","post","type-post","status-publish","format-standard","hentry","category-ranpal-org","tag-carne","tag-colombia","tag-insurreccion","tag-sopa"],"_links":{"self":[{"href":"https:\/\/ranpal.org\/index.php?rest_route=\/wp\/v2\/posts\/3861","targetHints":{"allow":["GET"]}}],"collection":[{"href":"https:\/\/ranpal.org\/index.php?rest_route=\/wp\/v2\/posts"}],"about":[{"href":"https:\/\/ranpal.org\/index.php?rest_route=\/wp\/v2\/types\/post"}],"author":[{"embeddable":true,"href":"https:\/\/ranpal.org\/index.php?rest_route=\/wp\/v2\/users\/2"}],"replies":[{"embeddable":true,"href":"https:\/\/ranpal.org\/index.php?rest_route=%2Fwp%2Fv2%2Fcomments&post=3861"}],"version-history":[{"count":19,"href":"https:\/\/ranpal.org\/index.php?rest_route=\/wp\/v2\/posts\/3861\/revisions"}],"predecessor-version":[{"id":3882,"href":"https:\/\/ranpal.org\/index.php?rest_route=\/wp\/v2\/posts\/3861\/revisions\/3882"}],"wp:attachment":[{"href":"https:\/\/ranpal.org\/index.php?rest_route=%2Fwp%2Fv2%2Fmedia&parent=3861"}],"wp:term":[{"taxonomy":"category","embeddable":true,"href":"https:\/\/ranpal.org\/index.php?rest_route=%2Fwp%2Fv2%2Fcategories&post=3861"},{"taxonomy":"post_tag","embeddable":true,"href":"https:\/\/ranpal.org\/index.php?rest_route=%2Fwp%2Fv2%2Ftags&post=3861"}],"curies":[{"name":"wp","href":"https:\/\/api.w.org\/{rel}","templated":true}]}}