{"id":3883,"date":"2022-10-25T13:46:27","date_gmt":"2022-10-25T13:46:27","guid":{"rendered":"https:\/\/ranpal.org\/?p=3883"},"modified":"2022-10-25T14:11:34","modified_gmt":"2022-10-25T14:11:34","slug":"la-economia-un-factor-de-desestabilizacion","status":"publish","type":"post","link":"https:\/\/ranpal.org\/?p=3883","title":{"rendered":"LA ECONOM\u00cdA UN FACTOR DE DESESTABILIZACI\u00d3N"},"content":{"rendered":"<style>\/*! elementor - v3.7.6 - 20-09-2022 *\/\n.elementor-widget-image{text-align:center}.elementor-widget-image a{display:inline-block}.elementor-widget-image a img[src$=\".svg\"]{width:48px}.elementor-widget-image img{vertical-align:middle;display:inline-block}<\/style>\n<figure>\n\t\t\t\t\t\t\t\t\t\t\t<a href=\"https:\/\/eln-voces.net\/la-economia-un-factor-de-desestabilizacion\/\" target=\"_blank\" rel=\"noopener\"><br \/>\n\t\t\t\t\t\t\t<img decoding=\"async\" src=\"https:\/\/ranpal.org\/Biblioteca\/elementor\/thumbs\/EDITORIAL-866-REVISTA-INSURRECCION-ELN-pwqid199cz8gcdscnbxvogqb08yj6qzwgfb5wproxs.jpg\" title=\"EDITORIAL 866 REVISTA INSURRECCI\u00d3N ELN\" alt=\"EDITORIAL 866 REVISTA INSURRECCI\u00d3N ELN\" \/>\t\t\t\t\t\t\t\t<\/a><figcaption>S\u00f3lo en la relaci\u00f3n y articulaci\u00f3n con las Organizaciones Sociales, con los sectores populares y medios, con las mayor\u00edas que le dieron el triunfo electoral a este Gobierno, se conseguir\u00e1 la fuerza para avanzar en las propuestas y expectativas de cambio, las que han cobrado m\u00e1s fuerza en los \u00faltimos a\u00f1os, expres\u00e1ndose en las grandes movilizaciones sociales del 2021 y en el triunfo electoral del actual Gobierno con propuestas progresistas y de transformaci\u00f3n.<\/figcaption><\/figure>\n<p><b>La<\/b> <b>situaci\u00f3n econ\u00f3mica del pa\u00eds se ha venido complicando por los problemas estructurales que se arrastran de tiempo atr\u00e1s, la crisis econ\u00f3mica mundial, la \u2018olla raspada\u2019 que dej\u00f3 Duque y la acci\u00f3n desestabilizadora en que est\u00e1n empe\u00f1ados los grandes capitales y buena parte de la oligarqu\u00eda colombiana;<\/b> con ello buscan presionar en favor de sus intereses y de las gabelas que siempre han tenido, generar incertidumbre y malestar en la poblaci\u00f3n y as\u00ed desestabilizar el actual Gobierno y enterrar las expectativas de cambio.<\/p>\n<p>Editorial de la Revista semanal Insurrecci\u00f3n n\u00famero 866 escrito por el Comando Central del Ej\u00e9rcito de Liberaci\u00f3n Nacional (ELN) de Colombia y publicado el lunes 24 de octubre de 2022 en el portal<b> <a href=\"http:\/\/www.eln-voces.net\">www.eln-voces.net<\/a><\/b><\/p>\n<p><b>Ranpal \u00abvoz y sentir del pueblo colombiano\u00bb.<br \/>Bogot\u00e1 martes 25 octubre 2022.<\/b><\/p>\n<p>\t\t\t<iframe src=\"https:\/\/www.ivoox.com\/player_ej_94808916_6_1.html?c1=f50505\" width=\"100%\" height=\"200\" frameborder=\"0\" allowfullscreen=\"\" scrolling=\"no\" loading=\"lazy\"><\/iframe><br \/>\n\t\t\t<a href=\"https:\/\/twitter.com\/Ramirodice1\" target=\"_blank\" role=\"button\" rel=\"noopener\"><br \/>\n\t\t\t\t\t\t <a class=\"twitter-timeline\" data-width=\"640\" data-height=\"960\" data-dnt=\"true\" href=\"https:\/\/twitter.com\/Ramirodice1?ref_src=twsrc%5Etfw\">Tweets by Ramirodice1<\/a><script async src=\"https:\/\/platform.twitter.com\/widgets.js\" charset=\"utf-8\"><\/script><br \/>\n\t\t\t\t\t<\/a><br \/>\n\t\t\t<a href=\"https:\/\/twitter.com\/antonioGcdte\" target=\"_blank\" role=\"button\" rel=\"noopener\"><br \/>\n\t\t\t\t\t\t<a class=\"twitter-timeline\" data-width=\"640\" data-height=\"960\" data-dnt=\"true\" href=\"https:\/\/twitter.com\/antonioGcdte?ref_src=twsrc%5Etfw\">Tweets by antonioGcdte<\/a><script async src=\"https:\/\/platform.twitter.com\/widgets.js\" charset=\"utf-8\"><\/script><br \/>\n\t\t\t\t\t<\/a><br \/>\n\t\t\t<a href=\"https:\/\/t.me\/ranpaldiceahora\" target=\"_blank\" role=\"button\" rel=\"noopener\"><br \/>\n\t\t\t\t\t\t Telegram: http:\/\/t.me\/ranpaldiceahora<br \/>\n\t\t\t\t\t<\/a><\/p>\n","protected":false},"excerpt":{"rendered":"<p>S\u00f3lo en la relaci\u00f3n y articulaci\u00f3n con las Organizaciones Sociales, con los sectores populares y<\/p>\n","protected":false},"author":2,"featured_media":0,"comment_status":"open","ping_status":"open","sticky":false,"template":"","format":"standard","meta":{"h5ap_radio_sources":[],"footnotes":""},"categories":[15],"tags":[18,133,30,7],"class_list":["post-3883","post","type-post","status-publish","format-standard","hentry","category-editorial","tag-coce","tag-colombia","tag-editorial","tag-insurreccion"],"_links":{"self":[{"href":"https:\/\/ranpal.org\/index.php?rest_route=\/wp\/v2\/posts\/3883","targetHints":{"allow":["GET"]}}],"collection":[{"href":"https:\/\/ranpal.org\/index.php?rest_route=\/wp\/v2\/posts"}],"about":[{"href":"https:\/\/ranpal.org\/index.php?rest_route=\/wp\/v2\/types\/post"}],"author":[{"embeddable":true,"href":"https:\/\/ranpal.org\/index.php?rest_route=\/wp\/v2\/users\/2"}],"replies":[{"embeddable":true,"href":"https:\/\/ranpal.org\/index.php?rest_route=%2Fwp%2Fv2%2Fcomments&post=3883"}],"version-history":[{"count":22,"href":"https:\/\/ranpal.org\/index.php?rest_route=\/wp\/v2\/posts\/3883\/revisions"}],"predecessor-version":[{"id":3909,"href":"https:\/\/ranpal.org\/index.php?rest_route=\/wp\/v2\/posts\/3883\/revisions\/3909"}],"wp:attachment":[{"href":"https:\/\/ranpal.org\/index.php?rest_route=%2Fwp%2Fv2%2Fmedia&parent=3883"}],"wp:term":[{"taxonomy":"category","embeddable":true,"href":"https:\/\/ranpal.org\/index.php?rest_route=%2Fwp%2Fv2%2Fcategories&post=3883"},{"taxonomy":"post_tag","embeddable":true,"href":"https:\/\/ranpal.org\/index.php?rest_route=%2Fwp%2Fv2%2Ftags&post=3883"}],"curies":[{"name":"wp","href":"https:\/\/api.w.org\/{rel}","templated":true}]}}