{"id":3913,"date":"2022-10-27T13:28:09","date_gmt":"2022-10-27T13:28:09","guid":{"rendered":"https:\/\/ranpal.org\/?p=3913"},"modified":"2022-10-27T13:41:14","modified_gmt":"2022-10-27T13:41:14","slug":"la-paz-con-el-eln-y-los-regateos-del-gobierno","status":"publish","type":"post","link":"https:\/\/ranpal.org\/?p=3913","title":{"rendered":"LA PAZ CON EL ELN Y LOS REGATEOS DEL GOBIERNO"},"content":{"rendered":"<style>\/*! elementor - v3.7.6 - 20-09-2022 *\/\n.elementor-widget-image{text-align:center}.elementor-widget-image a{display:inline-block}.elementor-widget-image a img[src$=\".svg\"]{width:48px}.elementor-widget-image img{vertical-align:middle;display:inline-block}<\/style>\n<figure>\n\t\t\t\t\t\t\t\t\t\t\t<a href=\"https:\/\/eln-voces.net\/la-paz-con-el-eln-y-los-regateos-del-gobierno\/\" target=\"_blank\" rel=\"noopener\"><br \/>\n\t\t\t\t\t\t\t<img decoding=\"async\" src=\"https:\/\/ranpal.org\/Biblioteca\/elementor\/thumbs\/LA-PAZ-CON-EL-ELN-Y-LOS-REGATEOS-DEL-GOBIERNO-pwtyswzvy5us78icaa9luhcy0a6xugteps3w5hejnk.jpg\" title=\"LA PAZ CON EL ELN Y LOS REGATEOS DEL GOBIERNO\" alt=\"LA PAZ CON EL ELN Y LOS REGATEOS DEL GOBIERNO\" \/>\t\t\t\t\t\t\t\t<\/a><figcaption>Mucho se ha dicho y se ha creado incluso una matriz de opini\u00f3n sobre el ELN, que no tiene voluntad de paz, que es muy dif\u00edcil de dialogar con los Elenos y pare de contar,  en el relato del Comandante Antonio Garcia que comienza el 31 de octubre con \u201cLa mamadera de gallo.\u201d( Primer Cap\u00edtulo) podr\u00e1n conocer lo que aconteci\u00f3 en esa Mesa, las voces del Gobierno y las del ELN.<\/figcaption><\/figure>\n<p><b>E<\/b>scrito por <b>Antonio Garc\u00eda, Primer Comandante del Ej\u00e9rcito de Liberaci\u00f3n Nacional (ELN) de Colombia<\/b> y publicado recientemente en el portal&nbsp;<a href=\"http:\/\/www.eln-voces.net\" target=\"_blank\" style=\"font-family: var( --e-global-typography-text-font-family ), Sans-serif; background-color: rgb(255, 255, 255); letter-spacing: 0px;\" rel=\"noopener\"><b>www.eln-voces.net<\/b><\/a><\/p>\n<p>El pr\u00f3ximo 31 de octubre compartiremos el primer cap\u00edtulo del relato por parte del ELN, del proceso de construcci\u00f3n <b>del \u201cAcuerdo de Di\u00e1logos para la Paz de Colombia entre el Gobierno de Colombia y el Ej\u00e9rcito de Liberaci\u00f3n Nacional (ELN)\u201d, firmado en el 2016.<\/b><\/p>\n<p><b>Ranpal \u00abcomunicaci\u00f3n para la emancipaci\u00f3n popular\u00bb.<br \/>\nBogot\u00e1 Jueves 27 octubre 2022<\/b><\/p>\n<p>\t\t\t<iframe src=\"https:\/\/www.ivoox.com\/player_ej_94977077_6_1.html?c1=fa2205\" width=\"100%\" height=\"200\" frameborder=\"0\" allowfullscreen=\"\" scrolling=\"no\" loading=\"lazy\"><\/iframe><br \/>\n\t\t\t<a href=\"https:\/\/twitter.com\/Ramirodice1\" target=\"_blank\" role=\"button\" rel=\"noopener\"><br \/>\n\t\t\t\t\t\t <a class=\"twitter-timeline\" data-width=\"640\" data-height=\"960\" data-dnt=\"true\" href=\"https:\/\/twitter.com\/Ramirodice1?ref_src=twsrc%5Etfw\">Tweets by Ramirodice1<\/a><script async src=\"https:\/\/platform.twitter.com\/widgets.js\" charset=\"utf-8\"><\/script><br \/>\n\t\t\t\t\t<\/a><br \/>\n\t\t\t<a href=\"https:\/\/twitter.com\/antonioGcdte\" target=\"_blank\" role=\"button\" rel=\"noopener\"><br \/>\n\t\t\t\t\t\t <a class=\"twitter-timeline\" data-width=\"640\" data-height=\"960\" data-dnt=\"true\" href=\"https:\/\/twitter.com\/antonioGcdte?ref_src=twsrc%5Etfw\">Tweets by antonioGcdte<\/a><script async src=\"https:\/\/platform.twitter.com\/widgets.js\" charset=\"utf-8\"><\/script><br \/>\n\t\t\t\t\t<\/a><br \/>\n\t\t\t<a href=\"https:\/\/t.me\/ranpaldiceahora\" target=\"_blank\" role=\"button\" rel=\"noopener\"><br \/>\n\t\t\t\t\t\t Telegram: http:\/\/t.me\/ranpaldiceahora<br \/>\n\t\t\t\t\t<\/a><\/p>\n","protected":false},"excerpt":{"rendered":"<p>Mucho se ha dicho y se ha creado incluso una matriz de opini\u00f3n sobre el<\/p>\n","protected":false},"author":2,"featured_media":0,"comment_status":"open","ping_status":"open","sticky":false,"template":"","format":"standard","meta":{"h5ap_radio_sources":[],"footnotes":""},"categories":[21],"tags":[338,315,365,296],"class_list":["post-3913","post","type-post","status-publish","format-standard","hentry","category-ranpal-org","tag-dialogos","tag-eln-58-anos","tag-paz-total","tag-petro"],"_links":{"self":[{"href":"https:\/\/ranpal.org\/index.php?rest_route=\/wp\/v2\/posts\/3913","targetHints":{"allow":["GET"]}}],"collection":[{"href":"https:\/\/ranpal.org\/index.php?rest_route=\/wp\/v2\/posts"}],"about":[{"href":"https:\/\/ranpal.org\/index.php?rest_route=\/wp\/v2\/types\/post"}],"author":[{"embeddable":true,"href":"https:\/\/ranpal.org\/index.php?rest_route=\/wp\/v2\/users\/2"}],"replies":[{"embeddable":true,"href":"https:\/\/ranpal.org\/index.php?rest_route=%2Fwp%2Fv2%2Fcomments&post=3913"}],"version-history":[{"count":22,"href":"https:\/\/ranpal.org\/index.php?rest_route=\/wp\/v2\/posts\/3913\/revisions"}],"predecessor-version":[{"id":3937,"href":"https:\/\/ranpal.org\/index.php?rest_route=\/wp\/v2\/posts\/3913\/revisions\/3937"}],"wp:attachment":[{"href":"https:\/\/ranpal.org\/index.php?rest_route=%2Fwp%2Fv2%2Fmedia&parent=3913"}],"wp:term":[{"taxonomy":"category","embeddable":true,"href":"https:\/\/ranpal.org\/index.php?rest_route=%2Fwp%2Fv2%2Fcategories&post=3913"},{"taxonomy":"post_tag","embeddable":true,"href":"https:\/\/ranpal.org\/index.php?rest_route=%2Fwp%2Fv2%2Ftags&post=3913"}],"curies":[{"name":"wp","href":"https:\/\/api.w.org\/{rel}","templated":true}]}}