{"id":3938,"date":"2022-10-28T15:01:16","date_gmt":"2022-10-28T15:01:16","guid":{"rendered":"https:\/\/ranpal.org\/?p=3938"},"modified":"2022-10-28T15:13:56","modified_gmt":"2022-10-28T15:13:56","slug":"los-ladrones-de-los-bienes-expropiados-a-la-mafia","status":"publish","type":"post","link":"https:\/\/ranpal.org\/?p=3938","title":{"rendered":"LOS LADRONES DE LOS BIENES EXPROPIADOS A LA MAFIA"},"content":{"rendered":"<style>\/*! elementor - v3.7.6 - 20-09-2022 *\/\n.elementor-widget-image{text-align:center}.elementor-widget-image a{display:inline-block}.elementor-widget-image a img[src$=\".svg\"]{width:48px}.elementor-widget-image img{vertical-align:middle;display:inline-block}<\/style>\n<figure>\n\t\t\t\t\t\t\t\t\t\t\t<a href=\"https:\/\/eln-voces.net\/los-ladrones-de-los-bienes-expropiados-a-la-mafia\/\"><br \/>\n\t\t\t\t\t\t\t<img decoding=\"async\" src=\"https:\/\/ranpal.org\/Biblioteca\/elementor\/thumbs\/LADRONES-DE-LOS-BIENES-EXPROPIADOS-A-LA-MAFIA-pwvto011ioyzmg32lrdq229i8dzbeqrvnqp0woe9kw.jpg\" title=\"LADRONES DE LOS BIENES EXPROPIADOS A LA MAFIA\" alt=\"LADRONES DE LOS BIENES EXPROPIADOS A LA MAFIA\" \/>\t\t\t\t\t\t\t\t<\/a><figcaption>El Gobierno de alianzas que conduce el Pacto Hist\u00f3rico ha tomado la decisi\u00f3n de sanear la gesti\u00f3n p\u00fablica y atacar la corrupci\u00f3n. \u00a1Amanecer\u00e1 y veremos!<\/figcaption><\/figure>\n<p><b><br \/>\nE<\/b>scrito por Alvaro Solano para la <b>Revista semanal Insurrecci\u00f3n&nbsp;n\u00famero 866 de Ej\u00e9rcito de Liberaci\u00f3n Nacional (ELN)<\/b> y publicado el lunes 24 de octubre en el portal&nbsp;<a href=\"http:\/\/www.eln-voces.net\" target=\"_blank\" style=\"font-family: var( --e-global-typography-text-font-family ), Sans-serif; background-color: rgb(255, 255, 255); letter-spacing: 0px;\" rel=\"noopener\"><b>www.eln-voces.net<\/b><\/a><\/p>\n<p><b>Recientemente se dio a conocer un nuevo caso de corrupci\u00f3n, esta vez en la Sociedad de Activos Especiales (SAE), entidad encargada de administrar los bienes cobijados con extinci\u00f3n de dominio por estar vinculados con el narcotr\u00e1fico y otras acciones criminales;<\/b> seg\u00fan un diagn\u00f3stico inicial se ha identificado que cientos de bienes por \u201carte de mafia\u201d desaparecieron; obviamente estos faltantes han sido la feria de pol\u00edticos y funcionarios corruptos que se benefician de la opacidad en la gesti\u00f3n de la SAE.<\/p>\n<p><b>Ranpal \u00abvoz y sentir del pueblo colombiano\u00bb.<br \/>\nBogot\u00e1 viernes 28 octubre 2022.<\/b><\/p>\n<p>\t\t\t<iframe src=\"https:\/\/www.ivoox.com\/player_ej_95040275_6_1.html?c1=f20202\" width=\"100%\" height=\"200\" frameborder=\"0\" allowfullscreen=\"\" scrolling=\"no\" loading=\"lazy\"><\/iframe><br \/>\n\t\t\t<a href=\"https:\/\/twitter.com\/Ramirodice1\" target=\"_blank\" role=\"button\" rel=\"noopener\"><br \/>\n\t\t\t\t\t\t <a class=\"twitter-timeline\" data-width=\"640\" data-height=\"960\" data-dnt=\"true\" href=\"https:\/\/twitter.com\/Ramirodice1?ref_src=twsrc%5Etfw\">Tweets by Ramirodice1<\/a><script async src=\"https:\/\/platform.twitter.com\/widgets.js\" charset=\"utf-8\"><\/script><br \/>\n\t\t\t\t\t<\/a><br \/>\n\t\t\t<a href=\"https:\/\/twitter.com\/antonioGcdte\" target=\"_blank\" role=\"button\" rel=\"noopener\"><br \/>\n\t\t\t\t\t\t <a class=\"twitter-timeline\" data-width=\"640\" data-height=\"960\" data-dnt=\"true\" href=\"https:\/\/twitter.com\/antonioGcdte?ref_src=twsrc%5Etfw\">Tweets by antonioGcdte<\/a><script async src=\"https:\/\/platform.twitter.com\/widgets.js\" charset=\"utf-8\"><\/script><br \/>\n\t\t\t\t\t<\/a><br \/>\n\t\t\t<a href=\"https:\/\/t.me\/ranpaldiceahora\" target=\"_blank\" role=\"button\" rel=\"noopener\"><br \/>\n\t\t\t\t\t\t Telegram: http:\/\/t.me\/ranpaldiceahora<br \/>\n\t\t\t\t\t<\/a><\/p>\n","protected":false},"excerpt":{"rendered":"<p>El Gobierno de alianzas que conduce el Pacto Hist\u00f3rico ha tomado la decisi\u00f3n de sanear<\/p>\n","protected":false},"author":2,"featured_media":0,"comment_status":"open","ping_status":"open","sticky":false,"template":"","format":"standard","meta":{"h5ap_radio_sources":[],"footnotes":""},"categories":[21],"tags":[133,75,68,366],"class_list":["post-3938","post","type-post","status-publish","format-standard","hentry","category-ranpal-org","tag-colombia","tag-corrupcion","tag-narcotrafico","tag-sae"],"_links":{"self":[{"href":"https:\/\/ranpal.org\/index.php?rest_route=\/wp\/v2\/posts\/3938","targetHints":{"allow":["GET"]}}],"collection":[{"href":"https:\/\/ranpal.org\/index.php?rest_route=\/wp\/v2\/posts"}],"about":[{"href":"https:\/\/ranpal.org\/index.php?rest_route=\/wp\/v2\/types\/post"}],"author":[{"embeddable":true,"href":"https:\/\/ranpal.org\/index.php?rest_route=\/wp\/v2\/users\/2"}],"replies":[{"embeddable":true,"href":"https:\/\/ranpal.org\/index.php?rest_route=%2Fwp%2Fv2%2Fcomments&post=3938"}],"version-history":[{"count":16,"href":"https:\/\/ranpal.org\/index.php?rest_route=\/wp\/v2\/posts\/3938\/revisions"}],"predecessor-version":[{"id":3956,"href":"https:\/\/ranpal.org\/index.php?rest_route=\/wp\/v2\/posts\/3938\/revisions\/3956"}],"wp:attachment":[{"href":"https:\/\/ranpal.org\/index.php?rest_route=%2Fwp%2Fv2%2Fmedia&parent=3938"}],"wp:term":[{"taxonomy":"category","embeddable":true,"href":"https:\/\/ranpal.org\/index.php?rest_route=%2Fwp%2Fv2%2Fcategories&post=3938"},{"taxonomy":"post_tag","embeddable":true,"href":"https:\/\/ranpal.org\/index.php?rest_route=%2Fwp%2Fv2%2Ftags&post=3938"}],"curies":[{"name":"wp","href":"https:\/\/api.w.org\/{rel}","templated":true}]}}