{"id":4017,"date":"2022-11-07T19:03:44","date_gmt":"2022-11-07T19:03:44","guid":{"rendered":"https:\/\/ranpal.org\/?p=4017"},"modified":"2022-11-07T19:12:08","modified_gmt":"2022-11-07T19:12:08","slug":"no-hay-cambio-sin-empleo-digno","status":"publish","type":"post","link":"https:\/\/ranpal.org\/?p=4017","title":{"rendered":"NO HAY CAMBIO SIN EMPLEO DIGNO"},"content":{"rendered":"<style>\/*! elementor - v3.7.6 - 20-09-2022 *\/\n.elementor-widget-image{text-align:center}.elementor-widget-image a{display:inline-block}.elementor-widget-image a img[src$=\".svg\"]{width:48px}.elementor-widget-image img{vertical-align:middle;display:inline-block}<\/style>\n<figure>\n\t\t\t\t\t\t\t\t\t\t\t<a href=\"https:\/\/eln-voces.net\/no-hay-cambio-sin-empleo-digno\/\" target=\"_blank\" rel=\"noopener\"><br \/>\n\t\t\t\t\t\t\t<img decoding=\"async\" src=\"https:\/\/ranpal.org\/Biblioteca\/elementor\/thumbs\/EDITORIAL-868-REVISTA-INSURRECCION-DEL-ELN-pxdio3tfmjaml3x87seuyq4wrqjwy4n4v4gxjdi0z4.jpg\" title=\"portada623\" alt=\"portada623\" \/>\t\t\t\t\t\t\t\t<\/a><figcaption>Las transformaciones que la sociedad reclama mayoritariamente ata\u00f1en a que el desarrollo y la productividad del pa\u00eds est\u00e9n ligados a la inversi\u00f3n estatal integral, el fortalecimiento de la producci\u00f3n nacional y la generaci\u00f3n de empleo formal y bien remunerado; estos cambios tambalean el statu quo y por ello deben ser exigidos y defendidos mediante la acci\u00f3n social y popular.<\/figcaption><\/figure>\n<p><b><br \/>\nN<\/b>o se puede <b>negar que en gran medida la actual crisis econ\u00f3mica obedece a factores externos, sin embargo, d\u00e9cadas de implantar una pol\u00edtica econ\u00f3mica que solo beneficia a los grandes capitales (nacionales y extranjeros), nos ha vuelto una econom\u00eda dependiente de las importaciones<\/b>, ha debilitado considerablemente la industria nacional y ha disminuido la capacidad de compra de los colombianos.<\/p>\n<p>Editorial de la <b>Revista semanal Insurrecci\u00f3n n\u00famero 688 escrito por el Comando Central<\/b> (<b>COCE) del Ej\u00e9rcito de Liberaci\u00f3n Nacional (ELN) de Colombia y publicado este lunes 07 de noviembre en el portal&nbsp;<\/b><a href=\"http:\/\/www.eln-voces.net\" target=\"_blank\" style=\"font-family: var( --e-global-typography-text-font-family ), Sans-serif; background-color: rgb(255, 255, 255); letter-spacing: 0px;\" rel=\"noopener\"><b>www.eln-voces.net<\/b><\/a><\/p>\n<p><b>Ranpal \u00abcomunicaci\u00f3n para la emancipaci\u00f3n popular\u00bb.<br \/>\nBogot\u00e1 lunes 07 noviembre 2022.<\/b><\/p>\n<p>\t\t\t<iframe src=\"https:\/\/www.ivoox.com\/player_ej_95783286_6_1.html?c1=e30202\" width=\"100%\" height=\"200\" frameborder=\"0\" allowfullscreen=\"\" scrolling=\"no\" loading=\"lazy\"><\/iframe><br \/>\n\t\t\t<a href=\"https:\/\/twitter.com\/Ramirodice1\" target=\"_blank\" role=\"button\" rel=\"noopener\"><br \/>\n\t\t\t\t\t\t <a class=\"twitter-timeline\" data-width=\"640\" data-height=\"960\" data-dnt=\"true\" href=\"https:\/\/twitter.com\/Ramirodice1?ref_src=twsrc%5Etfw\">Tweets by Ramirodice1<\/a><script async src=\"https:\/\/platform.twitter.com\/widgets.js\" charset=\"utf-8\"><\/script><br \/>\n\t\t\t\t\t<\/a><br \/>\n\t\t\t<a href=\"https:\/\/twitter.com\/antonioGcdte\" target=\"_blank\" role=\"button\" rel=\"noopener\"><br \/>\n\t\t\t\t\t\t <a class=\"twitter-timeline\" data-width=\"640\" data-height=\"960\" data-dnt=\"true\" href=\"https:\/\/twitter.com\/antonioGcdte?ref_src=twsrc%5Etfw\">Tweets by antonioGcdte<\/a><script async src=\"https:\/\/platform.twitter.com\/widgets.js\" charset=\"utf-8\"><\/script><br \/>\n\t\t\t\t\t<\/a><br \/>\n\t\t\t<a href=\"https:\/\/t.me\/ranpaldiceahora\" target=\"_blank\" role=\"button\" rel=\"noopener\"><br \/>\n\t\t\t\t\t\t Telegram: http:\/\/t.me\/ranpaldiceahora<br \/>\n\t\t\t\t\t<\/a><\/p>\n","protected":false},"excerpt":{"rendered":"<p>Las transformaciones que la sociedad reclama mayoritariamente ata\u00f1en a que el desarrollo y la productividad<\/p>\n","protected":false},"author":2,"featured_media":0,"comment_status":"open","ping_status":"open","sticky":false,"template":"","format":"standard","meta":{"h5ap_radio_sources":[],"footnotes":""},"categories":[15],"tags":[18,30,315,7],"class_list":["post-4017","post","type-post","status-publish","format-standard","hentry","category-editorial","tag-coce","tag-editorial","tag-eln-58-anos","tag-insurreccion"],"_links":{"self":[{"href":"https:\/\/ranpal.org\/index.php?rest_route=\/wp\/v2\/posts\/4017","targetHints":{"allow":["GET"]}}],"collection":[{"href":"https:\/\/ranpal.org\/index.php?rest_route=\/wp\/v2\/posts"}],"about":[{"href":"https:\/\/ranpal.org\/index.php?rest_route=\/wp\/v2\/types\/post"}],"author":[{"embeddable":true,"href":"https:\/\/ranpal.org\/index.php?rest_route=\/wp\/v2\/users\/2"}],"replies":[{"embeddable":true,"href":"https:\/\/ranpal.org\/index.php?rest_route=%2Fwp%2Fv2%2Fcomments&post=4017"}],"version-history":[{"count":19,"href":"https:\/\/ranpal.org\/index.php?rest_route=\/wp\/v2\/posts\/4017\/revisions"}],"predecessor-version":[{"id":4037,"href":"https:\/\/ranpal.org\/index.php?rest_route=\/wp\/v2\/posts\/4017\/revisions\/4037"}],"wp:attachment":[{"href":"https:\/\/ranpal.org\/index.php?rest_route=%2Fwp%2Fv2%2Fmedia&parent=4017"}],"wp:term":[{"taxonomy":"category","embeddable":true,"href":"https:\/\/ranpal.org\/index.php?rest_route=%2Fwp%2Fv2%2Fcategories&post=4017"},{"taxonomy":"post_tag","embeddable":true,"href":"https:\/\/ranpal.org\/index.php?rest_route=%2Fwp%2Fv2%2Ftags&post=4017"}],"curies":[{"name":"wp","href":"https:\/\/api.w.org\/{rel}","templated":true}]}}