{"id":4067,"date":"2022-11-12T13:28:44","date_gmt":"2022-11-12T13:28:44","guid":{"rendered":"https:\/\/ranpal.org\/?p=4067"},"modified":"2022-11-12T13:48:05","modified_gmt":"2022-11-12T13:48:05","slug":"en-periscopio-politico-primeros-cien-dias-del-gobierno-petro","status":"publish","type":"post","link":"https:\/\/ranpal.org\/?p=4067","title":{"rendered":"EN PERISCOPIO POL\u00cdTICO, PRIMEROS CIEN D\u00cdAS DEL GOBIERNO PETRO"},"content":{"rendered":"<style>\/*! elementor - v3.7.6 - 20-09-2022 *\/\n.elementor-widget-image{text-align:center}.elementor-widget-image a{display:inline-block}.elementor-widget-image a img[src$=\".svg\"]{width:48px}.elementor-widget-image img{vertical-align:middle;display:inline-block}<\/style>\n<figure>\n\t\t\t\t\t\t\t\t\t\t\t<a href=\"https:\/\/ranpal.org\/en-periscopio-politico-primeros-cien-dias-del-gobierno-petro\/\" target=\"_blank\" rel=\"noopener\"><br \/>\n\t\t\t\t\t\t\t<img decoding=\"async\" src=\"https:\/\/ranpal.org\/Biblioteca\/elementor\/thumbs\/CIEN-DIAS-DE-GOBIENRO-PETRO.-PERISCOPIO-POLITICO-pxltgrflr8cguza2wev7vbkgd4d4zdtkfmm4zzqfi8.jpg\" title=\"CREATOR: gd-jpeg v1.0 (using IJG JPEG v62), quality = 75\" alt=\"binary comment\" \/>\t\t\t\t\t\t\t\t<\/a><figcaption>No obstante el pragmatismo Petrista, el gobierno del supuesto \u00abCambio\u00bb encuentra, cada d\u00eda, nubarrones y fuerte invierno politiquero que le  impiden desarrollar una agenda realmente progresista y alternativa. Por ello una verdadera gobernabilidad democr\u00e1tica en Colombia la deben construir los sectores sociales y populares con firme movilizaci\u00f3n y unidad.<\/figcaption><\/figure>\n<p><b>B<\/b>ienvenidos(as) a un <b>nuevo episodio de Periscopio Pol\u00edtico, esta vez Trino Vino y Jhon Jairo P\u00e9rez observan la gobernabilidad de Petro en sus primeros cien d\u00edas como administrador del Estado olig\u00e1rquico colombiano. <\/b><\/p>\n<p>\u00abDe entrada gener\u00f3 buenas expectativas con funcionarios y propuestas de avanzada, pero en la medida que se configuraban las coaliciones legislativas, tradicionales alianzas pol\u00edticas, <b>las intervenciones, mensajes y viajes de los mercenarios estaudinenses, m\u00e1s la oposici\u00f3n medi\u00e1tica, ha tenido que ir reconfigurando su posici\u00f3n pol\u00edtica y gobernabilidad pr\u00e1ctica en una posici\u00f3n defensiva y conservadora\u00bb.<\/b><\/p>\n<p><b>Ranpal \u00abcomunicamos para vencer\u00bb.<br \/>Bogot\u00e1 s\u00e1bado 12 noviembre 2022<\/b><\/p>\n<p>\t\t\t<iframe src=\"https:\/\/www.ivoox.com\/player_ej_96270238_6_1.html?c1=fb2109\" width=\"100%\" height=\"200\" frameborder=\"0\" allowfullscreen=\"\" scrolling=\"no\" loading=\"lazy\"><\/iframe><br \/>\n\t\t\t<a href=\"https:\/\/twitter.com\/Ramirodice1\" target=\"_blank\" role=\"button\" rel=\"noopener\"><br \/>\n\t\t\t\t\t\t <a class=\"twitter-timeline\" data-width=\"640\" data-height=\"960\" data-dnt=\"true\" href=\"https:\/\/twitter.com\/Ramirodice1?ref_src=twsrc%5Etfw\">Tweets by Ramirodice1<\/a><script async src=\"https:\/\/platform.twitter.com\/widgets.js\" charset=\"utf-8\"><\/script><br \/>\n\t\t\t\t\t<\/a><br \/>\n\t\t\t<a href=\"https:\/\/twitter.com\/antonioGcdte\" target=\"_blank\" role=\"button\" rel=\"noopener\"><br \/>\n\t\t\t\t\t\t <a class=\"twitter-timeline\" data-width=\"640\" data-height=\"960\" data-dnt=\"true\" href=\"https:\/\/twitter.com\/antonioGcdte?ref_src=twsrc%5Etfw\">Tweets by antonioGcdte<\/a><script async src=\"https:\/\/platform.twitter.com\/widgets.js\" charset=\"utf-8\"><\/script><br \/>\n\t\t\t\t\t<\/a><br \/>\n\t\t\t<a href=\"https:\/\/t.me\/ranpaldiceahora\" target=\"_blank\" role=\"button\" rel=\"noopener\"><br \/>\n\t\t\t\t\t\t Telegram: http:\/\/t.me\/ranpaldiceahora<br \/>\n\t\t\t\t\t<\/a><\/p>\n","protected":false},"excerpt":{"rendered":"<p>No obstante el pragmatismo Petrista, el gobierno del supuesto \u00abCambio\u00bb encuentra, cada d\u00eda, nubarrones y<\/p>\n","protected":false},"author":2,"featured_media":0,"comment_status":"open","ping_status":"open","sticky":false,"template":"","format":"standard","meta":{"h5ap_radio_sources":[],"footnotes":""},"categories":[20],"tags":[133,117,19,296],"class_list":["post-4067","post","type-post","status-publish","format-standard","hentry","category-periscopio-politico","tag-colombia","tag-gobierno","tag-periscopio-politico","tag-petro"],"_links":{"self":[{"href":"https:\/\/ranpal.org\/index.php?rest_route=\/wp\/v2\/posts\/4067","targetHints":{"allow":["GET"]}}],"collection":[{"href":"https:\/\/ranpal.org\/index.php?rest_route=\/wp\/v2\/posts"}],"about":[{"href":"https:\/\/ranpal.org\/index.php?rest_route=\/wp\/v2\/types\/post"}],"author":[{"embeddable":true,"href":"https:\/\/ranpal.org\/index.php?rest_route=\/wp\/v2\/users\/2"}],"replies":[{"embeddable":true,"href":"https:\/\/ranpal.org\/index.php?rest_route=%2Fwp%2Fv2%2Fcomments&post=4067"}],"version-history":[{"count":22,"href":"https:\/\/ranpal.org\/index.php?rest_route=\/wp\/v2\/posts\/4067\/revisions"}],"predecessor-version":[{"id":4091,"href":"https:\/\/ranpal.org\/index.php?rest_route=\/wp\/v2\/posts\/4067\/revisions\/4091"}],"wp:attachment":[{"href":"https:\/\/ranpal.org\/index.php?rest_route=%2Fwp%2Fv2%2Fmedia&parent=4067"}],"wp:term":[{"taxonomy":"category","embeddable":true,"href":"https:\/\/ranpal.org\/index.php?rest_route=%2Fwp%2Fv2%2Fcategories&post=4067"},{"taxonomy":"post_tag","embeddable":true,"href":"https:\/\/ranpal.org\/index.php?rest_route=%2Fwp%2Fv2%2Ftags&post=4067"}],"curies":[{"name":"wp","href":"https:\/\/api.w.org\/{rel}","templated":true}]}}