{"id":4176,"date":"2022-11-19T14:21:38","date_gmt":"2022-11-19T14:21:38","guid":{"rendered":"https:\/\/ranpal.org\/?p=4176"},"modified":"2023-07-18T00:14:35","modified_gmt":"2023-07-18T00:14:35","slug":"hablan-los-oyentes-en-un-minuto-para-la-paz","status":"publish","type":"post","link":"https:\/\/ranpal.org\/?p=4176","title":{"rendered":"HABLAN LOS OYENTES EN UN MINUTO PARA LA PAZ"},"content":{"rendered":"<style>\/*! elementor - v3.7.6 - 20-09-2022 *\/\n.elementor-widget-image{text-align:center}.elementor-widget-image a{display:inline-block}.elementor-widget-image a img[src$=\".svg\"]{width:48px}.elementor-widget-image img{vertical-align:middle;display:inline-block}<\/style>\n<figure>\n\t\t\t\t\t\t\t\t\t\t\t<a href=\"https:\/\/ranpal.org\/hablan-los-oyentes-en-un-minuto-para-la-paz\/\" target=\"_blank\" rel=\"noopener\"><br \/>\n\t\t\t\t\t\t\t<img decoding=\"async\" src=\"https:\/\/ranpal.org\/Biblioteca\/elementor\/thumbs\/MINUTO-PARA-LA-PAZ-pxy2ebyq902fdw17ecmzs6is9fk2bnsmii8ltxtzwg.jpg\" title=\"MINUTO PARA LA PAZ\" alt=\"MINUTO PARA LA PAZ\" \/>\t\t\t\t\t\t\t\t<\/a><figcaption> Oyentes hablan sobre lo que han sido los primeros tres meses del gobierno Petrista y los obst\u00e1culos que el Uribismo y en general la oligarqu\u00eda le est\u00e1 colocando a los cambios que requiere el pa\u00ecs y exigen las mayor\u00edas.<\/figcaption><\/figure>\n<p><b>N<\/b>uestros seguidores y oyentes nos escriben y hablan para la secci\u00f3n UN MINUTO PARA LA PAZ . <b>Esta vez compartimos las opiniones de Sandra V\u00e1squez del Valle del C\u00e1uca quien hace un breve resumen de la gesti\u00f3n gubernamental del Presidente Petro en estos primeros meses de su gobierno. <\/b><\/p>\n<p>\u00abEstos tres meses de <b>gobierno del Pte Gustavo Petro dejan algo muy claro, la izquierda no puede gobernar con la derecha y para gusto de la derecha. Las infamias de gobierno anteriores, no las vamos a sanar en tres meses,<\/b> ni en un a\u00f1o, tampoco en un periodo presidencial y menos con una \u00e9lite privilegiada que busca hacer trizas cualquier cambio\u00bb.<\/p>\n<p><b>Ranpal \u00abvoz y sentir del pueblo colombiano\u00bb.<\/b><br \/><b><br \/>\nBogot\u00e1 s\u00e1bado 19 noviembre 2022.<\/b><\/p>\n<p>\t\t\t<iframe src=\"https:\/\/www.ivoox.com\/player_ej_96621841_6_1.html?c1=f20707\" width=\"100%\" height=\"200\" frameborder=\"0\" allowfullscreen=\"\" scrolling=\"no\" loading=\"lazy\"><\/iframe><br \/>\n\t\t\t<a href=\"https:\/\/twitter.com\/Ramirodice1\" target=\"_blank\" role=\"button\" rel=\"noopener\"><br \/>\n\t\t\t\t\t\t <a class=\"twitter-timeline\" data-width=\"640\" data-height=\"960\" data-dnt=\"true\" href=\"https:\/\/twitter.com\/Ramirodice1?ref_src=twsrc%5Etfw\">Tweets by Ramirodice1<\/a><script async src=\"https:\/\/platform.twitter.com\/widgets.js\" charset=\"utf-8\"><\/script><br \/>\n\t\t\t\t\t<\/a><br \/>\n\t\t\t<a href=\"https:\/\/twitter.com\/antonioGcdte\" target=\"_blank\" role=\"button\" rel=\"noopener\"><br \/>\n\t\t\t\t\t\t <a class=\"twitter-timeline\" data-width=\"640\" data-height=\"960\" data-dnt=\"true\" href=\"https:\/\/twitter.com\/antonioGcdte?ref_src=twsrc%5Etfw\">Tweets by antonioGcdte<\/a><script async src=\"https:\/\/platform.twitter.com\/widgets.js\" charset=\"utf-8\"><\/script><br \/>\n\t\t\t\t\t<\/a><br \/>\n\t\t\t<a href=\"https:\/\/t.me\/ranpaldiceahora\" target=\"_blank\" role=\"button\" rel=\"noopener\"><br \/>\n\t\t\t\t\t\t Telegram: http:\/\/t.me\/ranpaldiceahora<br \/>\n\t\t\t\t\t<\/a><\/p>\n","protected":false},"excerpt":{"rendered":"<p>Oyentes hablan sobre lo que han sido los primeros tres meses del gobierno Petrista y<\/p>\n","protected":false},"author":2,"featured_media":0,"comment_status":"open","ping_status":"open","sticky":false,"template":"","format":"standard","meta":{"h5ap_radio_sources":[],"footnotes":""},"categories":[349],"tags":[133,43,350,138],"class_list":["post-4176","post","type-post","status-publish","format-standard","hentry","category-un-minuto-para-la-paz","tag-colombia","tag-opinion","tag-oyentes","tag-paz"],"_links":{"self":[{"href":"https:\/\/ranpal.org\/index.php?rest_route=\/wp\/v2\/posts\/4176","targetHints":{"allow":["GET"]}}],"collection":[{"href":"https:\/\/ranpal.org\/index.php?rest_route=\/wp\/v2\/posts"}],"about":[{"href":"https:\/\/ranpal.org\/index.php?rest_route=\/wp\/v2\/types\/post"}],"author":[{"embeddable":true,"href":"https:\/\/ranpal.org\/index.php?rest_route=\/wp\/v2\/users\/2"}],"replies":[{"embeddable":true,"href":"https:\/\/ranpal.org\/index.php?rest_route=%2Fwp%2Fv2%2Fcomments&post=4176"}],"version-history":[{"count":19,"href":"https:\/\/ranpal.org\/index.php?rest_route=\/wp\/v2\/posts\/4176\/revisions"}],"predecessor-version":[{"id":4197,"href":"https:\/\/ranpal.org\/index.php?rest_route=\/wp\/v2\/posts\/4176\/revisions\/4197"}],"wp:attachment":[{"href":"https:\/\/ranpal.org\/index.php?rest_route=%2Fwp%2Fv2%2Fmedia&parent=4176"}],"wp:term":[{"taxonomy":"category","embeddable":true,"href":"https:\/\/ranpal.org\/index.php?rest_route=%2Fwp%2Fv2%2Fcategories&post=4176"},{"taxonomy":"post_tag","embeddable":true,"href":"https:\/\/ranpal.org\/index.php?rest_route=%2Fwp%2Fv2%2Ftags&post=4176"}],"curies":[{"name":"wp","href":"https:\/\/api.w.org\/{rel}","templated":true}]}}