{"id":4323,"date":"2022-11-29T18:48:04","date_gmt":"2022-11-29T18:48:04","guid":{"rendered":"https:\/\/ranpal.org\/?p=4323"},"modified":"2022-11-29T19:15:26","modified_gmt":"2022-11-29T19:15:26","slug":"la-demencial-accion-paramilitar-en-arauca","status":"publish","type":"post","link":"https:\/\/ranpal.org\/?p=4323","title":{"rendered":"LA DEMENCIAL ACCI\u00d3N PARAMILITAR EN ARAUCA"},"content":{"rendered":"<style>\/*! elementor - v3.7.6 - 20-09-2022 *\/\n.elementor-widget-image{text-align:center}.elementor-widget-image a{display:inline-block}.elementor-widget-image a img[src$=\".svg\"]{width:48px}.elementor-widget-image img{vertical-align:middle;display:inline-block}<\/style>\n<figure>\n\t\t\t\t\t\t\t\t\t\t\t<a href=\"https:\/\/eln-voces.net\/la-demencial-accion-paramilitar-en-arauca\/\" target=\"_blank\" rel=\"noopener\"><br \/>\n\t\t\t\t\t\t\t<img decoding=\"async\" src=\"https:\/\/ranpal.org\/Biblioteca\/elementor\/thumbs\/DEMENCIAL-ACCION-PARAMILITAR-EN-ARAUCA-pyfsljmnsbegsr96aih6jgs7jxnnvbspz935gw97uo.jpg\" title=\"DEMENCIAL ACCI\u00d3N PARAMILITAR EN ARAUCA\" alt=\"DEMENCIAL ACCI\u00d3N PARAMILITAR EN ARAUCA\" \/>\t\t\t\t\t\t\t\t<\/a><figcaption>El Terrorismo del Estado olig\u00e1rqu\u00edco colombiano en manguala con las multinacionales y sus brazos narcoparamilitares, siguen insistiendo en despojar al Arauca de opositoresl robo y despojo de sus recursos naturales. La denuncia, la movilizaci\u00f3n, la resistencia y la combatividad contin\u00faan con firmeza y convicci\u00f3n. \u00a1Nupalom!<\/figcaption><\/figure>\n<p><b>E<\/b>scrito <b>Jos\u00e9 Aldemar Rojas Rodr\u00edguez para la Revista semanal Insurrecci\u00f3n del Ej\u00e9rcito de Liberaci\u00f3n Nacional (ELN) <\/b>en Colombia y publicado el lunes 28 de noviembre en el portal<b> <a href=\"http:\/\/www.eln-voces.net\" target=\"_blank\" rel=\"noopener\">www.eln-voces.net<\/a><\/b><\/p>\n<p><b>Se hace llamar Antonio Medina<\/b>, m\u00e1s conocido por perpetrar ataques contra l\u00edderes y organizaciones sociales de Arauca,<b> pr\u00e1ctica genocida comandada de manera solapada desde los jefes de la Octava Divisi\u00f3n del Ej\u00e9rcito, quienes no acatan las \u00f3rdenes del nuevo Ministro de Defensa. Aqu\u00ed versi\u00f3n del mercenario sobre los v\u00ednculos de los narcoparacos con el ej\u00e9rcito<\/b> olig\u00e1rquico colombiano.<\/p>\n<p><b>Ranpal \u00abVoz y sentir del pueblo colombiano\u00bb.<br \/>\nBogot\u00e1 martes 29 noviembre 2022.<\/b><\/p>\n<p>\t\t\t<iframe src=\"https:\/\/www.ivoox.com\/player_ej_97197996_6_1.html?c1=ff0000\" width=\"100%\" height=\"200\" frameborder=\"0\" allowfullscreen=\"\" scrolling=\"no\" loading=\"lazy\"><\/iframe><br \/>\n\t\t\t<a href=\"https:\/\/twitter.com\/Ramirodice1\" target=\"_blank\" role=\"button\" rel=\"noopener\"><br \/>\n\t\t\t\t\t\t\t<a class=\"twitter-timeline\" data-width=\"640\" data-height=\"960\" data-dnt=\"true\" href=\"https:\/\/twitter.com\/Ramirodice1?ref_src=twsrc%5Etfw\">Tweets by Ramirodice1<\/a><script async src=\"https:\/\/platform.twitter.com\/widgets.js\" charset=\"utf-8\"><\/script><br \/>\n\t\t\t\t\t<\/a><br \/>\n\t\t\t<a href=\"https:\/\/twitter.com\/antonioGcdte\" target=\"_blank\" role=\"button\" rel=\"noopener\"><br \/>\n\t\t\t\t\t\t\t<a class=\"twitter-timeline\" data-width=\"640\" data-height=\"960\" data-dnt=\"true\" href=\"https:\/\/twitter.com\/antonioGcdte?ref_src=twsrc%5Etfw\">Tweets by antonioGcdte<\/a><script async src=\"https:\/\/platform.twitter.com\/widgets.js\" charset=\"utf-8\"><\/script><br \/>\n\t\t\t\t\t<\/a><br \/>\n\t\t\t<a href=\"https:\/\/t.me\/ranpaldiceahora\" target=\"_blank\" role=\"button\" rel=\"noopener\"><br \/>\n\t\t\t\t\t\t\tTelegram: http:\/\/t.me\/ranpaldiceahora<br \/>\n\t\t\t\t\t<\/a><br \/>\n\t\t\t<a href=\"https:\/\/ranpal.org\/comunicados\/\" target=\"_blank\" role=\"button\" rel=\"noopener\"><br \/>\n\t\t\t\t\t\tClic aqui para ver  video: https:\/\/ranpal.org\/comunicados\/<br \/>\n\t\t\t\t\t<\/a><\/p>\n","protected":false},"excerpt":{"rendered":"<p>El Terrorismo del Estado olig\u00e1rqu\u00edco colombiano en manguala con las multinacionales y sus brazos narcoparamilitares,<\/p>\n","protected":false},"author":2,"featured_media":0,"comment_status":"open","ping_status":"open","sticky":false,"template":"","format":"standard","meta":{"h5ap_radio_sources":[],"footnotes":""},"categories":[21],"tags":[177,375,187],"class_list":["post-4323","post","type-post","status-publish","format-standard","hentry","category-ranpal-org","tag-arauca","tag-disidencias","tag-terrorismo-de-estado"],"_links":{"self":[{"href":"https:\/\/ranpal.org\/index.php?rest_route=\/wp\/v2\/posts\/4323","targetHints":{"allow":["GET"]}}],"collection":[{"href":"https:\/\/ranpal.org\/index.php?rest_route=\/wp\/v2\/posts"}],"about":[{"href":"https:\/\/ranpal.org\/index.php?rest_route=\/wp\/v2\/types\/post"}],"author":[{"embeddable":true,"href":"https:\/\/ranpal.org\/index.php?rest_route=\/wp\/v2\/users\/2"}],"replies":[{"embeddable":true,"href":"https:\/\/ranpal.org\/index.php?rest_route=%2Fwp%2Fv2%2Fcomments&post=4323"}],"version-history":[{"count":28,"href":"https:\/\/ranpal.org\/index.php?rest_route=\/wp\/v2\/posts\/4323\/revisions"}],"predecessor-version":[{"id":4354,"href":"https:\/\/ranpal.org\/index.php?rest_route=\/wp\/v2\/posts\/4323\/revisions\/4354"}],"wp:attachment":[{"href":"https:\/\/ranpal.org\/index.php?rest_route=%2Fwp%2Fv2%2Fmedia&parent=4323"}],"wp:term":[{"taxonomy":"category","embeddable":true,"href":"https:\/\/ranpal.org\/index.php?rest_route=%2Fwp%2Fv2%2Fcategories&post=4323"},{"taxonomy":"post_tag","embeddable":true,"href":"https:\/\/ranpal.org\/index.php?rest_route=%2Fwp%2Fv2%2Ftags&post=4323"}],"curies":[{"name":"wp","href":"https:\/\/api.w.org\/{rel}","templated":true}]}}