{"id":4355,"date":"2022-12-01T18:49:38","date_gmt":"2022-12-01T18:49:38","guid":{"rendered":"https:\/\/ranpal.org\/?p=4355"},"modified":"2022-12-01T19:12:50","modified_gmt":"2022-12-01T19:12:50","slug":"una-nueva-oportunidad-para-la-paz","status":"publish","type":"post","link":"https:\/\/ranpal.org\/?p=4355","title":{"rendered":"UNA NUEVA OPORTUNIDAD PARA LA PAZ"},"content":{"rendered":"<style>\/*! elementor - v3.7.6 - 20-09-2022 *\/\n.elementor-widget-image{text-align:center}.elementor-widget-image a{display:inline-block}.elementor-widget-image a img[src$=\".svg\"]{width:48px}.elementor-widget-image img{vertical-align:middle;display:inline-block}<\/style>\n<figure>\n\t\t\t\t\t\t\t\t\t\t\t<a href=\"https:\/\/insurgenciaurbana-eln.net\/una-nueva-oportunidad-para-la-paz\/\" target=\"_blank\" rel=\"noopener\"><br \/>\n\t\t\t\t\t\t\t<img decoding=\"async\" src=\"https:\/\/ranpal.org\/Biblioteca\/elementor\/thumbs\/EDITORIAL-871-REVISTA-INSURRECCION-pyja0lhw3c612cw1k63di3wqpzjhjc8o2omx5dqrr4.jpg\" title=\"portada623\" alt=\"portada623\" \/>\t\t\t\t\t\t\t\t<\/a><figcaption>El alzamiento armado de or\u00edgenes pol\u00edticos y sociales, como gran tema que busca superarse en esta Mesa, seguir\u00e1 reproduci\u00e9ndose si no se abordan los grandes problemas sociales, pol\u00edticos y culturales que se vive en toda la sociedad.<\/figcaption><\/figure>\n<p><b>E<\/b>ditorial semanal de la <b>Revista Insurrecci\u00f3n n\u00famero 871 escrito por el Comando Central (COCE) del Ej\u00e9rcito de Liberaci\u00f3n Nacional(ELN)<\/b> de Colombia y publicado el lunes 28 de noviembre en el portal<b>&nbsp;<a href=\"http:\/\/www.eln-voces.net\" target=\"_blank\" style=\"font-family: var( --e-global-typography-text-font-family ), Sans-serif; background-color: rgb(255, 255, 255); letter-spacing: 0px;\" rel=\"noopener\">www.eln-voces.net<\/a><\/b><\/p>\n<p><b>Este proceso que se reinicia con el actual Gobierno es una nueva oportunidad para las transformaciones necesarias hacia una Colombia en paz, tiene entre sus retos recoger las aspiraciones de cambio que se expresaron en el pa\u00eds<\/b> en las combativas movilizaciones populares del 2021 y las elecciones de este a\u00f1o que llevaron a la Presidencia a Gustavo Petro.<\/p>\n<p><b>Ranpal \u00abComunicamos para vencer\u00bb.<br \/>Bogot\u00e1 jueves 01 diciembre 2022.<\/b><\/p>\n<p>\t\t\t<iframe src=\"https:\/\/www.ivoox.com\/player_ej_97374522_6_1.html?c1=e51515\" width=\"100%\" height=\"200\" frameborder=\"0\" allowfullscreen=\"\" scrolling=\"no\" loading=\"lazy\"><\/iframe><br \/>\n\t\t\t<a href=\"https:\/\/twitter.com\/Ramirodice1\" target=\"_blank\" role=\"button\" rel=\"noopener\"><br \/>\n\t\t\t\t\t\t<a class=\"twitter-timeline\" data-width=\"640\" data-height=\"960\" data-dnt=\"true\" href=\"https:\/\/twitter.com\/Ramirodice1?ref_src=twsrc%5Etfw\">Tweets by Ramirodice1<\/a><script async src=\"https:\/\/platform.twitter.com\/widgets.js\" charset=\"utf-8\"><\/script><br \/>\n\t\t\t\t\t<\/a><br \/>\n\t\t\t<a href=\"https:\/\/twitter.com\/antonioGcdte\" target=\"_blank\" role=\"button\" rel=\"noopener\"><br \/>\n\t\t\t\t\t\t <a class=\"twitter-timeline\" data-width=\"640\" data-height=\"960\" data-dnt=\"true\" href=\"https:\/\/twitter.com\/antonioGcdte?ref_src=twsrc%5Etfw\">Tweets by antonioGcdte<\/a><script async src=\"https:\/\/platform.twitter.com\/widgets.js\" charset=\"utf-8\"><\/script><br \/>\n\t\t\t\t\t<\/a><br \/>\n\t\t\t<a href=\"https:\/\/t.me\/ranpaldiceahora\" target=\"_blank\" role=\"button\" rel=\"noopener\"><br \/>\n\t\t\t\t\t\t Telegram: http:\/\/t.me\/ranpaldiceahora<br \/>\n\t\t\t\t\t<\/a><\/p>\n","protected":false},"excerpt":{"rendered":"<p>El alzamiento armado de or\u00edgenes pol\u00edticos y sociales, como gran tema que busca superarse en<\/p>\n","protected":false},"author":2,"featured_media":0,"comment_status":"open","ping_status":"open","sticky":false,"template":"","format":"standard","meta":{"h5ap_radio_sources":[],"footnotes":""},"categories":[15],"tags":[177,338,30,138],"class_list":["post-4355","post","type-post","status-publish","format-standard","hentry","category-editorial","tag-arauca","tag-dialogos","tag-editorial","tag-paz"],"_links":{"self":[{"href":"https:\/\/ranpal.org\/index.php?rest_route=\/wp\/v2\/posts\/4355","targetHints":{"allow":["GET"]}}],"collection":[{"href":"https:\/\/ranpal.org\/index.php?rest_route=\/wp\/v2\/posts"}],"about":[{"href":"https:\/\/ranpal.org\/index.php?rest_route=\/wp\/v2\/types\/post"}],"author":[{"embeddable":true,"href":"https:\/\/ranpal.org\/index.php?rest_route=\/wp\/v2\/users\/2"}],"replies":[{"embeddable":true,"href":"https:\/\/ranpal.org\/index.php?rest_route=%2Fwp%2Fv2%2Fcomments&post=4355"}],"version-history":[{"count":22,"href":"https:\/\/ranpal.org\/index.php?rest_route=\/wp\/v2\/posts\/4355\/revisions"}],"predecessor-version":[{"id":4381,"href":"https:\/\/ranpal.org\/index.php?rest_route=\/wp\/v2\/posts\/4355\/revisions\/4381"}],"wp:attachment":[{"href":"https:\/\/ranpal.org\/index.php?rest_route=%2Fwp%2Fv2%2Fmedia&parent=4355"}],"wp:term":[{"taxonomy":"category","embeddable":true,"href":"https:\/\/ranpal.org\/index.php?rest_route=%2Fwp%2Fv2%2Fcategories&post=4355"},{"taxonomy":"post_tag","embeddable":true,"href":"https:\/\/ranpal.org\/index.php?rest_route=%2Fwp%2Fv2%2Ftags&post=4355"}],"curies":[{"name":"wp","href":"https:\/\/api.w.org\/{rel}","templated":true}]}}