{"id":4456,"date":"2022-12-08T18:44:09","date_gmt":"2022-12-08T18:44:09","guid":{"rendered":"https:\/\/ranpal.org\/?p=4456"},"modified":"2022-12-08T18:56:51","modified_gmt":"2022-12-08T18:56:51","slug":"parque-en-gorgona-o-base-militar","status":"publish","type":"post","link":"https:\/\/ranpal.org\/?p=4456","title":{"rendered":"\u00bfPARQUE EN GORGONA O BASE MILITAR?"},"content":{"rendered":"<style>\/*! elementor - v3.8.0 - 08-11-2022 *\/\n.elementor-widget-image{text-align:center}.elementor-widget-image a{display:inline-block}.elementor-widget-image a img[src$=\".svg\"]{width:48px}.elementor-widget-image img{vertical-align:middle;display:inline-block}<\/style>\n<figure>\n\t\t\t\t\t\t\t\t\t\t\t<a href=\"https:\/\/eln-voces.net\/parque-en-gorgona-o-base-militar\/\" target=\"_blank\" rel=\"noopener\"><br \/>\n\t\t\t\t\t\t\t<img decoding=\"async\" src=\"https:\/\/ranpal.org\/Biblioteca\/elementor\/thumbs\/PARQUE-GORGONA-O-BASE-MILITAR-pyvgos62uih8cpuyaff1107b09vbf24dyqsx3uigw0.jpg\" title=\"portada623\" alt=\"portada623\" \/>\t\t\t\t\t\t\t\t<\/a><figcaption> Trabajar al lado de las comunidades ancestraes que habitan el Parque Isla Gorgona dan la posibilidad de proteger la biodiversidad all\u00ed y tamb\u00eden la sobern\u00eda colombiana ante la amenaza de los expropiadores de la Ot\u00e1n y sus aliadas corporaciones financieras y mercantiles. Y el gobierno del Cambio \u00bfqu\u00e9 dice?<\/figcaption><\/figure>\n<p><b>E<\/b>scrito por <b>Omaira S\u00e1chica para la Revista semanal Insurrecci\u00f3n n\u00famero 872 del Ej\u00e9rcito de Liberaci\u00f3n Nacional de Colombia<\/b> y publicado este lunes 5 de diciembre en el portal<b>&nbsp;<a href=\"http:\/\/www.eln-voces.net\" target=\"_blank\" style=\"font-family: var( --e-global-typography-text-font-family ), Sans-serif; background-color: rgb(255, 255, 255); letter-spacing: 0px;\" rel=\"noopener\">www.eln-voces.net<\/a><\/b><\/p>\n<p><b>Una autorizaci\u00f3n ambiental otorgada de manera irregular en 2015 dio paso al desarrollo de un conjunto de proyectos de infraestructura en Isla Gorgona, con el financiamiento de la Oficina Internacional de Asuntos Antinarc\u00f3ticos y Procuraci\u00f3n de Justicia de EEUU (INL, por sus siglas en ingl\u00e9s);<\/b> el 31 de diciembre de ese a\u00f1o y luego de apenas 29 d\u00edas de haber iniciado el tr\u00e1mite para expedir el permiso, la Autoridad Nacional de Licencias Ambientales dio luz verde al<b> Ministerio de Defensa Nacional para el proyecto \u00abConstrucci\u00f3n, operaci\u00f3n, abandono y restauraci\u00f3n de la estaci\u00f3n de guardacostas en la Isla Gorgona y obras complementarias\u00bb.<\/b><\/p>\n<p><b>Ranpal \u00abComunicamos para vencer\u00bb.<br \/>Bogot\u00e1 jueves 08 diciembre 2022.<\/b><\/p>\n<p>\t\t\t<iframe src=\"https:\/\/www.ivoox.com\/player_ej_98623136_6_1.html?c1=fb2d2d\" width=\"100%\" height=\"200\" frameborder=\"0\" allowfullscreen=\"\" scrolling=\"no\" loading=\"lazy\"><\/iframe><br \/>\n\t\t\t<a href=\"https:\/\/twitter.com\/Ramirodice1\" target=\"_blank\" role=\"button\" rel=\"noopener\"><br \/>\n\t\t\t\t\t\t <a class=\"twitter-timeline\" data-width=\"640\" data-height=\"960\" data-dnt=\"true\" href=\"https:\/\/twitter.com\/Ramirodice1?ref_src=twsrc%5Etfw\">Tweets by Ramirodice1<\/a><script async src=\"https:\/\/platform.twitter.com\/widgets.js\" charset=\"utf-8\"><\/script><br \/>\n\t\t\t\t\t<\/a><br \/>\n\t\t\t<a href=\"https:\/\/twitter.com\/antonioGcdte\" target=\"_blank\" role=\"button\" rel=\"noopener\"><br \/>\n\t\t\t\t\t\t <a class=\"twitter-timeline\" data-width=\"640\" data-height=\"960\" data-dnt=\"true\" href=\"https:\/\/twitter.com\/antonioGcdte?ref_src=twsrc%5Etfw\">Tweets by antonioGcdte<\/a><script async src=\"https:\/\/platform.twitter.com\/widgets.js\" charset=\"utf-8\"><\/script><br \/>\n\t\t\t\t\t<\/a><br \/>\n\t\t\t<a href=\"https:\/\/t.me\/ranpaldiceahora\" target=\"_blank\" role=\"button\" rel=\"noopener\"><br \/>\n\t\t\t\t\t\t Telegram: http:\/\/t.me\/ranpaldiceahora<br \/>\n\t\t\t\t\t<\/a><\/p>\n","protected":false},"excerpt":{"rendered":"<p>Trabajar al lado de las comunidades ancestraes que habitan el Parque Isla Gorgona dan la<\/p>\n","protected":false},"author":2,"featured_media":0,"comment_status":"open","ping_status":"open","sticky":false,"template":"","format":"standard","meta":{"h5ap_radio_sources":[],"footnotes":""},"categories":[21],"tags":[247,377,378,296],"class_list":["post-4456","post","type-post","status-publish","format-standard","hentry","category-ranpal-org","tag-ambiente","tag-gorgona","tag-parque","tag-petro"],"_links":{"self":[{"href":"https:\/\/ranpal.org\/index.php?rest_route=\/wp\/v2\/posts\/4456","targetHints":{"allow":["GET"]}}],"collection":[{"href":"https:\/\/ranpal.org\/index.php?rest_route=\/wp\/v2\/posts"}],"about":[{"href":"https:\/\/ranpal.org\/index.php?rest_route=\/wp\/v2\/types\/post"}],"author":[{"embeddable":true,"href":"https:\/\/ranpal.org\/index.php?rest_route=\/wp\/v2\/users\/2"}],"replies":[{"embeddable":true,"href":"https:\/\/ranpal.org\/index.php?rest_route=%2Fwp%2Fv2%2Fcomments&post=4456"}],"version-history":[{"count":22,"href":"https:\/\/ranpal.org\/index.php?rest_route=\/wp\/v2\/posts\/4456\/revisions"}],"predecessor-version":[{"id":4480,"href":"https:\/\/ranpal.org\/index.php?rest_route=\/wp\/v2\/posts\/4456\/revisions\/4480"}],"wp:attachment":[{"href":"https:\/\/ranpal.org\/index.php?rest_route=%2Fwp%2Fv2%2Fmedia&parent=4456"}],"wp:term":[{"taxonomy":"category","embeddable":true,"href":"https:\/\/ranpal.org\/index.php?rest_route=%2Fwp%2Fv2%2Fcategories&post=4456"},{"taxonomy":"post_tag","embeddable":true,"href":"https:\/\/ranpal.org\/index.php?rest_route=%2Fwp%2Fv2%2Ftags&post=4456"}],"curies":[{"name":"wp","href":"https:\/\/api.w.org\/{rel}","templated":true}]}}