{"id":4632,"date":"2022-12-20T14:42:08","date_gmt":"2022-12-20T14:42:08","guid":{"rendered":"https:\/\/ranpal.org\/?p=4632"},"modified":"2022-12-20T19:25:55","modified_gmt":"2022-12-20T19:25:55","slug":"la-primera-linea-y-el-viejo-regimen","status":"publish","type":"post","link":"https:\/\/ranpal.org\/?p=4632","title":{"rendered":"LA PRIMERA L\u00cdNEA Y EL VIEJO R\u00c9GIMEN"},"content":{"rendered":"<style>\/*! elementor - v3.8.0 - 08-11-2022 *\/\n.elementor-widget-image{text-align:center}.elementor-widget-image a{display:inline-block}.elementor-widget-image a img[src$=\".svg\"]{width:48px}.elementor-widget-image img{vertical-align:middle;display:inline-block}<\/style>\n<figure>\n\t\t\t\t\t\t\t\t\t\t\t<a href=\"https:\/\/eln-voces.net\/la-primera-linea-y-el-viejo-regimen\/\" target=\"_blank\" rel=\"noopener\"><br \/>\n\t\t\t\t\t\t\t<img decoding=\"async\" src=\"https:\/\/ranpal.org\/Biblioteca\/elementor\/thumbs\/EDITORIAL-874-REVISTA-INSURRECCION-ELN-pzg1u7kvr3cbktlhhmek61g3eki931jibjvrtloyyo.jpg\" title=\"EDITORIAL #874 REVISTA INSURRECCI\u00d3N ELN\" alt=\"EDITORIAL #874 REVISTA INSURRECCI\u00d3N ELN\" \/>\t\t\t\t\t\t\t\t<\/a><figcaption>Sin la fuerza y rebeld\u00eda de la juventu no llegar\u00e1n las transformaciones de fondo que exige el pueblo colombiano. As\u00ed se avanza en la Cultura de Paz basada en la lucha y la resistencia, con la que se pasar\u00e1 la p\u00e1gina de la Guerra y la depredaci\u00f3n caracter\u00edsticas del viejo r\u00e9gimen.<\/figcaption><\/figure>\n<p>Editorial de la<b> Revista semanal Insurrecci\u00f3n n\u00famero 874 escrita por el Comando Central del Ej\u00e9rcito de Liberaci\u00f3n Nacional<\/b> (ELN) de Colombia y publicada el lunes 19 de diciembre en el portal&nbsp;<a href=\"http:\/\/www.eln-voces.net\" target=\"_blank\" style=\"font-family: var( --e-global-typography-text-font-family ), Sans-serif; background-color: rgb(255, 255, 255); letter-spacing: 0px;\" rel=\"noopener\"><b>www.eln-voces.net<\/b><\/a><\/p>\n<p><b>La propuesta del actual gobierno sobre la Primera L\u00ednea y su trabajo como Gestores de paz, aviv\u00f3 el debate sobre la juventud en esta coyuntura de cambio y la necesidad de dejar atr\u00e1s al viejo r\u00e9gimen.<\/b><\/p>\n<p><b>Ranpal \u00abComunicamos para vencer\u00bb.<br \/>\nBogot\u00e1 martes 20 diciembre 2022<\/b><\/p>\n<p>\t\t\t<iframe src=\"https:\/\/www.ivoox.com\/player_ej_100132329_6_1.html?c1=f33030\" width=\"100%\" height=\"200\" frameborder=\"0\" allowfullscreen=\"\" scrolling=\"no\" loading=\"lazy\"><\/iframe><br \/>\n\t\t\t<a href=\"https:\/\/twitter.com\/Ramirodice1\" target=\"_blank\" role=\"button\" rel=\"noopener\"><br \/>\n\t\t\t\t\t\t <a class=\"twitter-timeline\" data-width=\"640\" data-height=\"960\" data-dnt=\"true\" href=\"https:\/\/twitter.com\/Ramirodice1?ref_src=twsrc%5Etfw\">Tweets by Ramirodice1<\/a><script async src=\"https:\/\/platform.twitter.com\/widgets.js\" charset=\"utf-8\"><\/script><br \/>\n\t\t\t\t\t<\/a><br \/>\n\t\t\t<a href=\"https:\/\/twitter.com\/antonioGcdte\" target=\"_blank\" role=\"button\" rel=\"noopener\"><br \/>\n\t\t\t\t\t\t <a class=\"twitter-timeline\" data-width=\"640\" data-height=\"960\" data-dnt=\"true\" href=\"https:\/\/twitter.com\/antonioGcdte?ref_src=twsrc%5Etfw\">Tweets by antonioGcdte<\/a><script async src=\"https:\/\/platform.twitter.com\/widgets.js\" charset=\"utf-8\"><\/script><br \/>\n\t\t\t\t\t<\/a><br \/>\n\t\t\t<a href=\"https:\/\/twitter.com\/DelegacionEln\" target=\"_blank\" role=\"button\" rel=\"noopener\"><br \/>\n\t\t\t\t\t\t @DelegacionEln Di\u00e1logos<br \/>\n\t\t\t\t\t<\/a><\/p>\n","protected":false},"excerpt":{"rendered":"<p>Sin la fuerza y rebeld\u00eda de la juventu no llegar\u00e1n las transformaciones de fondo que<\/p>\n","protected":false},"author":2,"featured_media":0,"comment_status":"open","ping_status":"open","sticky":false,"template":"","format":"standard","meta":{"h5ap_radio_sources":[],"footnotes":""},"categories":[15],"tags":[18,30,5,389],"class_list":["post-4632","post","type-post","status-publish","format-standard","hentry","category-editorial","tag-coce","tag-editorial","tag-eln","tag-primera-linea"],"_links":{"self":[{"href":"https:\/\/ranpal.org\/index.php?rest_route=\/wp\/v2\/posts\/4632","targetHints":{"allow":["GET"]}}],"collection":[{"href":"https:\/\/ranpal.org\/index.php?rest_route=\/wp\/v2\/posts"}],"about":[{"href":"https:\/\/ranpal.org\/index.php?rest_route=\/wp\/v2\/types\/post"}],"author":[{"embeddable":true,"href":"https:\/\/ranpal.org\/index.php?rest_route=\/wp\/v2\/users\/2"}],"replies":[{"embeddable":true,"href":"https:\/\/ranpal.org\/index.php?rest_route=%2Fwp%2Fv2%2Fcomments&post=4632"}],"version-history":[{"count":19,"href":"https:\/\/ranpal.org\/index.php?rest_route=\/wp\/v2\/posts\/4632\/revisions"}],"predecessor-version":[{"id":4675,"href":"https:\/\/ranpal.org\/index.php?rest_route=\/wp\/v2\/posts\/4632\/revisions\/4675"}],"wp:attachment":[{"href":"https:\/\/ranpal.org\/index.php?rest_route=%2Fwp%2Fv2%2Fmedia&parent=4632"}],"wp:term":[{"taxonomy":"category","embeddable":true,"href":"https:\/\/ranpal.org\/index.php?rest_route=%2Fwp%2Fv2%2Fcategories&post=4632"},{"taxonomy":"post_tag","embeddable":true,"href":"https:\/\/ranpal.org\/index.php?rest_route=%2Fwp%2Fv2%2Ftags&post=4632"}],"curies":[{"name":"wp","href":"https:\/\/api.w.org\/{rel}","templated":true}]}}