{"id":4642,"date":"2022-12-20T14:48:50","date_gmt":"2022-12-20T14:48:50","guid":{"rendered":"https:\/\/ranpal.org\/?p=4642"},"modified":"2022-12-23T02:05:50","modified_gmt":"2022-12-23T02:05:50","slug":"cese-el-fuego-unilateral-del-eln-y-comunicado-del-fgo","status":"publish","type":"post","link":"https:\/\/ranpal.org\/?p=4642","title":{"rendered":"CESE EL FUEGO UNILATERAL DEL ELN Y COMUNICADO DEL FGO"},"content":{"rendered":"<style>\/*! elementor - v3.8.0 - 08-11-2022 *\/\n.elementor-widget-image{text-align:center}.elementor-widget-image a{display:inline-block}.elementor-widget-image a img[src$=\".svg\"]{width:48px}.elementor-widget-image img{vertical-align:middle;display:inline-block}<\/style>\n<figure>\n\t\t\t\t\t\t\t\t\t\t<img decoding=\"async\" src=\"https:\/\/ranpal.org\/Biblioteca\/elementor\/thumbs\/CESE-EL-FUEGO-pzg25r1jnv524gu03lzns4ltyvmhl9cv8o8dxwkykg.jpg\" title=\"CESE EL FUEGO\" alt=\"CESE EL FUEGO\" \/><figcaption> Esto evidencia. una vez m\u00e1s la voluntad de paz del ELN y su compromiso con los acordado en la mesa de Caracas en torno a los \u00abalivios humanitarios\u00bb y va en coherencia con la unidad de la organizaci\u00f3n en acompa\u00f1ar al pueblo colombiano en la construcci\u00f3n de una aut\u00e9ntico cambio que mejore las conidiciones de vida de las mayor\u00edas empobrecidas.<\/figcaption><\/figure>\n<p><b>E<\/b>l Comando Central (COCE) del<b> Ej\u00e9rcito de Liberaci\u00f3n nacional (ELN) de Colombia ha declarado un cese de actividades militares ofensivas para esta navidad y a\u00f1o nuevo en todo el territorio colombiano y as\u00ed mismo el Frente de Guerra Oriental Manuel V\u00e1squez casta\u00f1o en Arauca comunica que tiene en su poder al suboficial de la Armada Nacional Camilo Andr\u00e9s C\u00f3rdoba Arenas<\/b>, integrante de la represiva Fuerza de Tarea Tit\u00e1n en el Pacifico colombiano. Anuncia la Direcci\u00f3n del FGO que en pr\u00f3ximos d\u00eda ser\u00e1 entregado a sus familiares. Tambi\u00e9n se ha conocido a \u00faltima hora que el <b>Frente de Guerra Occidental Omar G\u00f3mez en el Choc\u00f3 suspende la orden de Paro Armado indefinido que realizaba en el r\u00edo San Juan, r\u00edo Sip\u00ed, r\u00edo Caj\u00f3n y Bajo Calima, en los departamento de Choc\u00f3 y Valle del Cauca.<\/b><\/p>\n<p><b>Ranpal \u00abvoz y sentir del pueblo colombiano\u00bb.<br \/>Bogot\u00e1 martes 20 diciembre 2022.<\/b><\/p>\n<p>\t\t\t<iframe src=\"https:\/\/www.ivoox.com\/player_ej_100132140_6_1.html?c1=c8392c\" width=\"100%\" height=\"200\" frameborder=\"0\" allowfullscreen=\"\" scrolling=\"no\" loading=\"lazy\"><\/iframe><br \/>\n\t\t\t<a href=\"https:\/\/twitter.com\/Ramirodice1\" target=\"_blank\" role=\"button\" rel=\"noopener\"><br \/>\n\t\t\t\t\t\t <a class=\"twitter-timeline\" data-width=\"640\" data-height=\"960\" data-dnt=\"true\" href=\"https:\/\/twitter.com\/Ramirodice1?ref_src=twsrc%5Etfw\">Tweets by Ramirodice1<\/a><script async src=\"https:\/\/platform.twitter.com\/widgets.js\" charset=\"utf-8\"><\/script><br \/>\n\t\t\t\t\t<\/a><br \/>\n\t\t\t<a href=\"https:\/\/twitter.com\/antonioGcdte\" target=\"_blank\" role=\"button\" rel=\"noopener\"><br \/>\n\t\t\t\t\t\t <a class=\"twitter-timeline\" data-width=\"640\" data-height=\"960\" data-dnt=\"true\" href=\"https:\/\/twitter.com\/antonioGcdte?ref_src=twsrc%5Etfw\">Tweets by antonioGcdte<\/a><script async src=\"https:\/\/platform.twitter.com\/widgets.js\" charset=\"utf-8\"><\/script><br \/>\n\t\t\t\t\t<\/a><br \/>\n\t\t\t<a href=\"https:\/\/twitter.com\/DelegacionEln\" target=\"_blank\" role=\"button\" rel=\"noopener\"><br \/>\n\t\t\t\t\t\t @DelegacionEln Di\u00e1logos<br \/>\n\t\t\t\t\t<\/a><\/p>\n","protected":false},"excerpt":{"rendered":"<p>Esto evidencia. una vez m\u00e1s la voluntad de paz del ELN y su compromiso con<\/p>\n","protected":false},"author":2,"featured_media":0,"comment_status":"open","ping_status":"open","sticky":false,"template":"","format":"standard","meta":{"h5ap_radio_sources":[],"footnotes":""},"categories":[21],"tags":[380,177,242,5],"class_list":["post-4642","post","type-post","status-publish","format-standard","hentry","category-ranpal-org","tag-alivios","tag-arauca","tag-choco","tag-eln"],"_links":{"self":[{"href":"https:\/\/ranpal.org\/index.php?rest_route=\/wp\/v2\/posts\/4642","targetHints":{"allow":["GET"]}}],"collection":[{"href":"https:\/\/ranpal.org\/index.php?rest_route=\/wp\/v2\/posts"}],"about":[{"href":"https:\/\/ranpal.org\/index.php?rest_route=\/wp\/v2\/types\/post"}],"author":[{"embeddable":true,"href":"https:\/\/ranpal.org\/index.php?rest_route=\/wp\/v2\/users\/2"}],"replies":[{"embeddable":true,"href":"https:\/\/ranpal.org\/index.php?rest_route=%2Fwp%2Fv2%2Fcomments&post=4642"}],"version-history":[{"count":25,"href":"https:\/\/ranpal.org\/index.php?rest_route=\/wp\/v2\/posts\/4642\/revisions"}],"predecessor-version":[{"id":4724,"href":"https:\/\/ranpal.org\/index.php?rest_route=\/wp\/v2\/posts\/4642\/revisions\/4724"}],"wp:attachment":[{"href":"https:\/\/ranpal.org\/index.php?rest_route=%2Fwp%2Fv2%2Fmedia&parent=4642"}],"wp:term":[{"taxonomy":"category","embeddable":true,"href":"https:\/\/ranpal.org\/index.php?rest_route=%2Fwp%2Fv2%2Fcategories&post=4642"},{"taxonomy":"post_tag","embeddable":true,"href":"https:\/\/ranpal.org\/index.php?rest_route=%2Fwp%2Fv2%2Ftags&post=4642"}],"curies":[{"name":"wp","href":"https:\/\/api.w.org\/{rel}","templated":true}]}}