{"id":4680,"date":"2022-12-22T20:16:25","date_gmt":"2022-12-22T20:16:25","guid":{"rendered":"https:\/\/ranpal.org\/?p=4680"},"modified":"2022-12-23T02:04:11","modified_gmt":"2022-12-23T02:04:11","slug":"quien-pagara-la-crisis-del-modelo","status":"publish","type":"post","link":"https:\/\/ranpal.org\/?p=4680","title":{"rendered":"\u00bfQUI\u00c9N PAGAR\u00c1 LA CRISIS DEL MODELO?"},"content":{"rendered":"<style>\/*! elementor - v3.8.0 - 08-11-2022 *\/\n.elementor-widget-image{text-align:center}.elementor-widget-image a{display:inline-block}.elementor-widget-image a img[src$=\".svg\"]{width:48px}.elementor-widget-image img{vertical-align:middle;display:inline-block}<\/style>\n<figure>\n\t\t\t\t\t\t\t\t\t\t\t<a href=\"https:\/\/eln-voces.net\/\" target=\"_blank\" rel=\"noopener\"><br \/>\n\t\t\t\t\t\t\t<img decoding=\"async\" src=\"https:\/\/ranpal.org\/Biblioteca\/2022\/12\/QUIEN-PAGARA-LA-CRISIS-DEL-MODELO.jpg\" title=\"QUIE\u0301N PAGARA\u0301 LA CRI\u0301SIS DEL MODELO\" alt=\"QUIE\u0301N PAGARA\u0301 LA CRI\u0301SIS DEL MODELO\" \/>\t\t\t\t\t\t\t\t<\/a><figcaption>La pol\u00edtica econ\u00f3mica del pa\u00eds debe estar fundada en favorecer a todos los colombianos, en especial en subsidiar capas bajas de la sociedad, adem\u00e1s el desarrollo sostenible debe tener como eje central el aumento del poder adquisitivo perc\u00e1pita, en otras palabras, como sociedad debemos luchar por una pol\u00edtica econ\u00f3mica que disminuya el Gasto Corriente (burocracia. Guerra, pago de Deuda Externa) e incremente de manera integral el Gasto Social.<\/figcaption><\/figure>\n<p><b>E<\/b>scrito por Chavela Villamil para la <b>Revista semanal Insurrecci\u00f3n n\u00famero 874 del Ej\u00e9rcito de Liberaci\u00f3n Nacional (ELN)<\/b> de Colombia y publicado el lunes 19 de diciembre 2022 en el portal&nbsp;<a href=\"http:\/\/www.eln-voces.net\" target=\"_blank\" style=\"font-family: var( --e-global-typography-text-font-family ), Sans-serif; background-color: rgb(255, 255, 255); letter-spacing: 0px;\" rel=\"noopener\"><b>www.eln-voces.net<\/b><\/a><\/p>\n<p><b>Los actuales fen\u00f3menos macroecon\u00f3micos han disparado la inflaci\u00f3n global sin que pueda ser controlada por los Bancos Centrales, <\/b>ocasionando un desplome de la demanda que desacelera los   mercados y amenaza con estancar las econom\u00edas.<\/p>\n<p><b>Ranpal \u00abvoz y sentir del pueblo colombiano\u00bb.<br \/>\nBogot\u00e1 jueves 22 del 2022<\/b><\/p>\n<p>\t\t\t<iframe src=\"https:\/\/www.ivoox.com\/player_ej_100308505_6_1.html?c1=f92f3d\" width=\"100%\" height=\"200\" frameborder=\"0\" allowfullscreen=\"\" scrolling=\"no\" loading=\"lazy\"><\/iframe><br \/>\n\t\t\t<a href=\"https:\/\/twitter.com\/Ramirodice1\" target=\"_blank\" role=\"button\" rel=\"noopener\"><br \/>\n\t\t\t\t\t\t <a class=\"twitter-timeline\" data-width=\"640\" data-height=\"960\" data-dnt=\"true\" href=\"https:\/\/twitter.com\/Ramirodice1?ref_src=twsrc%5Etfw\">Tweets by Ramirodice1<\/a><script async src=\"https:\/\/platform.twitter.com\/widgets.js\" charset=\"utf-8\"><\/script><br \/>\n\t\t\t\t\t<\/a><br \/>\n\t\t\t<a href=\"https:\/\/twitter.com\/antonioGcdte\" target=\"_blank\" role=\"button\" rel=\"noopener\"><br \/>\n\t\t\t\t\t\t<a class=\"twitter-timeline\" data-width=\"640\" data-height=\"960\" data-dnt=\"true\" href=\"https:\/\/twitter.com\/antonioGcdte?ref_src=twsrc%5Etfw\">Tweets by antonioGcdte<\/a><script async src=\"https:\/\/platform.twitter.com\/widgets.js\" charset=\"utf-8\"><\/script><br \/>\n\t\t\t\t\t<\/a><br \/>\n\t\t\t<a href=\"https:\/\/twitter.com\/DelegacionEln\" target=\"_blank\" role=\"button\" rel=\"noopener\"><br \/>\n\t\t\t\t\t\t @DelegacionEln Di\u00e1logos<br \/>\n\t\t\t\t\t<\/a><\/p>\n","protected":false},"excerpt":{"rendered":"<p>La pol\u00edtica econ\u00f3mica del pa\u00eds debe estar fundada en favorecer a todos los colombianos, en<\/p>\n","protected":false},"author":2,"featured_media":0,"comment_status":"open","ping_status":"open","sticky":false,"template":"","format":"standard","meta":{"h5ap_radio_sources":[],"footnotes":""},"categories":[21],"tags":[133,323,5,138],"class_list":["post-4680","post","type-post","status-publish","format-standard","hentry","category-ranpal-org","tag-colombia","tag-crisis","tag-eln","tag-paz"],"_links":{"self":[{"href":"https:\/\/ranpal.org\/index.php?rest_route=\/wp\/v2\/posts\/4680","targetHints":{"allow":["GET"]}}],"collection":[{"href":"https:\/\/ranpal.org\/index.php?rest_route=\/wp\/v2\/posts"}],"about":[{"href":"https:\/\/ranpal.org\/index.php?rest_route=\/wp\/v2\/types\/post"}],"author":[{"embeddable":true,"href":"https:\/\/ranpal.org\/index.php?rest_route=\/wp\/v2\/users\/2"}],"replies":[{"embeddable":true,"href":"https:\/\/ranpal.org\/index.php?rest_route=%2Fwp%2Fv2%2Fcomments&post=4680"}],"version-history":[{"count":34,"href":"https:\/\/ranpal.org\/index.php?rest_route=\/wp\/v2\/posts\/4680\/revisions"}],"predecessor-version":[{"id":4721,"href":"https:\/\/ranpal.org\/index.php?rest_route=\/wp\/v2\/posts\/4680\/revisions\/4721"}],"wp:attachment":[{"href":"https:\/\/ranpal.org\/index.php?rest_route=%2Fwp%2Fv2%2Fmedia&parent=4680"}],"wp:term":[{"taxonomy":"category","embeddable":true,"href":"https:\/\/ranpal.org\/index.php?rest_route=%2Fwp%2Fv2%2Fcategories&post=4680"},{"taxonomy":"post_tag","embeddable":true,"href":"https:\/\/ranpal.org\/index.php?rest_route=%2Fwp%2Fv2%2Ftags&post=4680"}],"curies":[{"name":"wp","href":"https:\/\/api.w.org\/{rel}","templated":true}]}}