{"id":4731,"date":"2022-12-26T20:19:44","date_gmt":"2022-12-26T20:19:44","guid":{"rendered":"https:\/\/ranpal.org\/?p=4731"},"modified":"2022-12-26T21:34:24","modified_gmt":"2022-12-26T21:34:24","slug":"quemar-el-ano-viejo","status":"publish","type":"post","link":"https:\/\/ranpal.org\/?p=4731","title":{"rendered":"QUEMAR EL A\u00d1O VIEJO"},"content":{"rendered":"<style>\/*! elementor - v3.8.0 - 08-11-2022 *\/\n.elementor-widget-image{text-align:center}.elementor-widget-image a{display:inline-block}.elementor-widget-image a img[src$=\".svg\"]{width:48px}.elementor-widget-image img{vertical-align:middle;display:inline-block}<\/style>\n<figure>\n\t\t\t\t\t\t\t\t\t\t\t<a href=\"https:\/\/eln-voces.net\/quemar-el-ano-viejo\/\" target=\"_blank\" rel=\"noopener\"><br \/>\n\t\t\t\t\t\t\t<img decoding=\"async\" src=\"https:\/\/ranpal.org\/Biblioteca\/elementor\/thumbs\/EDITORIAL-875-REVISTA-INSURRECCION-pzqwonbnx4pkgri20n9lgewzqh41lu7atr1fnrbdhc.jpg\" title=\"portada623\" alt=\"portada623\" \/>\t\t\t\t\t\t\t\t<\/a><figcaption>El actual Gobierno aspira a ganar gobernabilidad en sus alianzas con la derecha, as\u00ed estas impliquen un freno a las transformaciones prometidas, lo que demanda contar con apoyos desde la izquierda que inclinen el rumbo de los cambios hacia no fallarle a los reclamos del pueblo.<\/figcaption><\/figure>\n<p><b>E<\/b>ditorial de la <b>Revista semanal Insurrecci\u00f3n n\u00famero 875 escrito por el Comando Central (COCE) del Ej\u00e9rcito de Liberaci\u00f3n Nacional (ELN)<\/b> de Colombia y publicado este lunes 26 de diciembre en el portal&nbsp;<a href=\"http:\/\/www.eln-voces.net\" target=\"_blank\" style=\"font-family: var( --e-global-typography-text-font-family ), Sans-serif; background-color: rgb(255, 255, 255); letter-spacing: 0px;\" rel=\"noopener\"><b>www.eln-voces.net<\/b><\/a><\/p>\n<p>Este a\u00f1o que culmina fue el de las promesas de cambio, que debieron luchar contra el viejo r\u00e9gimen, al que <b>hay que quemar como los mu\u00f1ecos de A\u00f1o Viejo, porque con ello volveremos cenizas la desigualdad social, <\/b>la depredaci\u00f3n medio ambiental, el Genocidio y la subordinaci\u00f3n a los gringos.<\/p>\n<p><b>Ranpal \u00abcomunicamos para vencer\u00bb.<br \/>\nBogot\u00e1 lunes 26 diciembre 2022.<\/b><\/p>\n<p>\t\t\t<iframe src=\"https:\/\/www.ivoox.com\/player_ej_100439360_6_1.html?c1=df0707\" width=\"100%\" height=\"200\" frameborder=\"0\" allowfullscreen=\"\" scrolling=\"no\" loading=\"lazy\"><\/iframe><br \/>\n\t\t\t<a href=\"https:\/\/twitter.com\/Ramirodice1\" target=\"_blank\" role=\"button\" rel=\"noopener\"><br \/>\n\t\t\t\t\t\t <a class=\"twitter-timeline\" data-width=\"640\" data-height=\"960\" data-dnt=\"true\" href=\"https:\/\/twitter.com\/Ramirodice1?ref_src=twsrc%5Etfw\">Tweets by Ramirodice1<\/a><script async src=\"https:\/\/platform.twitter.com\/widgets.js\" charset=\"utf-8\"><\/script><br \/>\n\t\t\t\t\t<\/a><br \/>\n\t\t\t<a href=\"https:\/\/twitter.com\/antonioGcdte\" target=\"_blank\" role=\"button\" rel=\"noopener\"><br \/>\n\t\t\t\t\t\t <a class=\"twitter-timeline\" data-width=\"640\" data-height=\"960\" data-dnt=\"true\" href=\"https:\/\/twitter.com\/antonioGcdte?ref_src=twsrc%5Etfw\">Tweets by antonioGcdte<\/a><script async src=\"https:\/\/platform.twitter.com\/widgets.js\" charset=\"utf-8\"><\/script><br \/>\n\t\t\t\t\t<\/a><br \/>\n\t\t\t<a href=\"https:\/\/twitter.com\/DelegacionEln\" target=\"_blank\" role=\"button\" rel=\"noopener\"><br \/>\n\t\t\t\t\t\t @DelegacionEln Di\u00e1logos<br \/>\n\t\t\t\t\t<\/a><\/p>\n","protected":false},"excerpt":{"rendered":"<p>El actual Gobierno aspira a ganar gobernabilidad en sus alianzas con la derecha, as\u00ed estas<\/p>\n","protected":false},"author":2,"featured_media":0,"comment_status":"open","ping_status":"open","sticky":false,"template":"","format":"standard","meta":{"h5ap_radio_sources":[],"footnotes":""},"categories":[15],"tags":[390,18,133,30,6],"class_list":["post-4731","post","type-post","status-publish","format-standard","hentry","category-editorial","tag-ano-viejo","tag-coce","tag-colombia","tag-editorial","tag-revista"],"_links":{"self":[{"href":"https:\/\/ranpal.org\/index.php?rest_route=\/wp\/v2\/posts\/4731","targetHints":{"allow":["GET"]}}],"collection":[{"href":"https:\/\/ranpal.org\/index.php?rest_route=\/wp\/v2\/posts"}],"about":[{"href":"https:\/\/ranpal.org\/index.php?rest_route=\/wp\/v2\/types\/post"}],"author":[{"embeddable":true,"href":"https:\/\/ranpal.org\/index.php?rest_route=\/wp\/v2\/users\/2"}],"replies":[{"embeddable":true,"href":"https:\/\/ranpal.org\/index.php?rest_route=%2Fwp%2Fv2%2Fcomments&post=4731"}],"version-history":[{"count":19,"href":"https:\/\/ranpal.org\/index.php?rest_route=\/wp\/v2\/posts\/4731\/revisions"}],"predecessor-version":[{"id":4752,"href":"https:\/\/ranpal.org\/index.php?rest_route=\/wp\/v2\/posts\/4731\/revisions\/4752"}],"wp:attachment":[{"href":"https:\/\/ranpal.org\/index.php?rest_route=%2Fwp%2Fv2%2Fmedia&parent=4731"}],"wp:term":[{"taxonomy":"category","embeddable":true,"href":"https:\/\/ranpal.org\/index.php?rest_route=%2Fwp%2Fv2%2Fcategories&post=4731"},{"taxonomy":"post_tag","embeddable":true,"href":"https:\/\/ranpal.org\/index.php?rest_route=%2Fwp%2Fv2%2Ftags&post=4731"}],"curies":[{"name":"wp","href":"https:\/\/api.w.org\/{rel}","templated":true}]}}