{"id":4843,"date":"2023-01-12T13:20:44","date_gmt":"2023-01-12T13:20:44","guid":{"rendered":"https:\/\/ranpal.org\/?p=4843"},"modified":"2023-01-13T20:45:36","modified_gmt":"2023-01-13T20:45:36","slug":"imposiciones-unilaterales-atentan-contra-los-dialogos","status":"publish","type":"post","link":"https:\/\/ranpal.org\/?p=4843","title":{"rendered":"IMPOSICIONES UNILATERALES, ATENTAN CONTRA LOS DI\u00c1LOGOS"},"content":{"rendered":"<style>\/*! elementor - v3.8.0 - 08-11-2022 *\/\n.elementor-widget-image{text-align:center}.elementor-widget-image a{display:inline-block}.elementor-widget-image a img[src$=\".svg\"]{width:48px}.elementor-widget-image img{vertical-align:middle;display:inline-block}<\/style>\n<figure>\n\t\t\t\t\t\t\t\t\t\t\t<a href=\"https:\/\/eln-voces.net\/imposiciones-unilaterales-atentan-contra-los-dialogos\/\" target=\"_blank\" rel=\"noopener\"><br \/>\n\t\t\t\t\t\t\t<img decoding=\"async\" src=\"https:\/\/ranpal.org\/Biblioteca\/elementor\/thumbs\/EDITORIAL-877.-IMPOSICIONES-UNILATERALES-q0m9jtltmsocnstzs5icy9d8lnskyywpizmaxf7g1s.jpg\" title=\"portada623\" alt=\"portada623\" \/>\t\t\t\t\t\t\t\t<\/a><figcaption>Si en estos di\u00e1logos de paz se implementan los procesos participativos en la b\u00fasqueda de los consensos, permitir\u00e1 al pa\u00eds tener estabilidad y prosperidad; pero, si se pretende imponer medidas unilaterales y m\u00e1s guerra, se genera incertidumbre e inestabilidad, profundizando la crisis que vivimos.<\/figcaption><\/figure>\n<p><b>E<\/b>ditorial semanal de la <b>Revista Insurrecci\u00f3n n\u00famero 877 escrito por el Comando Central (COCE) del Ej\u00e9rcito de Liberaci\u00f3n Nacional (ELN)<\/b> de Colombia y publicado en el portal www.eln-voces.net<\/p>\n<p>Entre el 21 de noviembre y el 12 de diciembre de 2022, se realiz\u00f3 el Primer Ciclo formal de los Di\u00e1logos entre el gobierno colombiano y el ELN, <b>en Caracas, Rep\u00fablica Bolivariana de Venezuela. All\u00ed llegamos a acuerdos sobre la Agenda de Di\u00e1logos, la institucionalizaci\u00f3n de la Mesa, acciones y din\u00e1micas Humanitarias y sobre pedagog\u00eda y comunicaciones. Adem\u00e1s, se define realizar un Segundo Ciclo en M\u00e9xico.<\/b><\/p>\n<p><b>Ranpal \u00abvoz y sentir del pueblo colombiano\u00bb.<br \/>\nBogot\u00e1 jueves 12 enero 2023<\/b><\/p>\n<p>\t\t\t<iframe src=\"https:\/\/www.ivoox.com\/player_ej_101367636_6_1.html?c1=df0707\" width=\"100%\" height=\"200\" frameborder=\"0\" allowfullscreen=\"\" scrolling=\"no\" loading=\"lazy\"><\/iframe><br \/>\n\t\t\t<a href=\"https:\/\/twitter.com\/Ramirodice1\" target=\"_blank\" role=\"button\" rel=\"noopener\"><br \/>\n\t\t\t\t\t\t <a class=\"twitter-timeline\" data-width=\"640\" data-height=\"960\" data-dnt=\"true\" href=\"https:\/\/twitter.com\/Ramirodice1?ref_src=twsrc%5Etfw\">Tweets by Ramirodice1<\/a><script async src=\"https:\/\/platform.twitter.com\/widgets.js\" charset=\"utf-8\"><\/script><br \/>\n\t\t\t\t\t<\/a><br \/>\n\t\t\t<a href=\"https:\/\/twitter.com\/antonioGcdte\" target=\"_blank\" role=\"button\" rel=\"noopener\"><br \/>\n\t\t\t\t\t\t <a class=\"twitter-timeline\" data-width=\"640\" data-height=\"960\" data-dnt=\"true\" href=\"https:\/\/twitter.com\/antonioGcdte?ref_src=twsrc%5Etfw\">Tweets by antonioGcdte<\/a><script async src=\"https:\/\/platform.twitter.com\/widgets.js\" charset=\"utf-8\"><\/script><br \/>\n\t\t\t\t\t<\/a><br \/>\n\t\t\t<a href=\"https:\/\/twitter.com\/DelegacionEln\" target=\"_blank\" role=\"button\" rel=\"noopener\"><br \/>\n\t\t\t\t\t\t @DelegacionEln Di\u00e1logos<br \/>\n\t\t\t\t\t<\/a><\/p>\n","protected":false},"excerpt":{"rendered":"<p>Si en estos di\u00e1logos de paz se implementan los procesos participativos en la b\u00fasqueda de<\/p>\n","protected":false},"author":2,"featured_media":0,"comment_status":"open","ping_status":"open","sticky":false,"template":"","format":"standard","meta":{"h5ap_radio_sources":[],"footnotes":""},"categories":[15],"tags":[393,133,315,117,138,296],"class_list":["post-4843","post","type-post","status-publish","format-standard","hentry","category-editorial","tag-cese-bilateral","tag-colombia","tag-eln-58-anos","tag-gobierno","tag-paz","tag-petro"],"_links":{"self":[{"href":"https:\/\/ranpal.org\/index.php?rest_route=\/wp\/v2\/posts\/4843","targetHints":{"allow":["GET"]}}],"collection":[{"href":"https:\/\/ranpal.org\/index.php?rest_route=\/wp\/v2\/posts"}],"about":[{"href":"https:\/\/ranpal.org\/index.php?rest_route=\/wp\/v2\/types\/post"}],"author":[{"embeddable":true,"href":"https:\/\/ranpal.org\/index.php?rest_route=\/wp\/v2\/users\/2"}],"replies":[{"embeddable":true,"href":"https:\/\/ranpal.org\/index.php?rest_route=%2Fwp%2Fv2%2Fcomments&post=4843"}],"version-history":[{"count":25,"href":"https:\/\/ranpal.org\/index.php?rest_route=\/wp\/v2\/posts\/4843\/revisions"}],"predecessor-version":[{"id":4876,"href":"https:\/\/ranpal.org\/index.php?rest_route=\/wp\/v2\/posts\/4843\/revisions\/4876"}],"wp:attachment":[{"href":"https:\/\/ranpal.org\/index.php?rest_route=%2Fwp%2Fv2%2Fmedia&parent=4843"}],"wp:term":[{"taxonomy":"category","embeddable":true,"href":"https:\/\/ranpal.org\/index.php?rest_route=%2Fwp%2Fv2%2Fcategories&post=4843"},{"taxonomy":"post_tag","embeddable":true,"href":"https:\/\/ranpal.org\/index.php?rest_route=%2Fwp%2Fv2%2Ftags&post=4843"}],"curies":[{"name":"wp","href":"https:\/\/api.w.org\/{rel}","templated":true}]}}